{"id":102146,"date":"2020-10-19T10:27:16","date_gmt":"2020-10-19T14:27:16","guid":{"rendered":"https:\/\/linitiative.ca\/International\/%ef%bb%bfmaroc-telecom-compte-desormais-plus-de-70-millions-de-clients\/"},"modified":"2020-10-19T10:27:16","modified_gmt":"2020-10-19T14:27:16","slug":"%ef%bb%bfmaroc-telecom-compte-desormais-plus-de-70-millions-de-clients","status":"publish","type":"post","link":"https:\/\/linitiative.ca\/International\/%ef%bb%bfmaroc-telecom-compte-desormais-plus-de-70-millions-de-clients\/","title":{"rendered":"\ufeffMaroc Telecom compte d\u00e9sormais plus de 70 millions de clients"},"content":{"rendered":"<p class=\"has-text-color has-vivid-red-color c2\"><strong>Des r\u00e9sultats en hausse \u00e0 fin septembre 2020<\/strong><\/p>\n<p class=\"has-text-color c3\"><strong>Les parcs du Groupe Maroc Telecom ont atteint 70,5 millions de clients \u00e0 fin septembre 2020, en augmentation de 4,3% par rapport \u00e0 la m\u00eame p\u00e9riode un an auparavant.<\/strong><\/p>\n<p>Cette croissance est principalement tir\u00e9e par la hausse du parc des filiales (+7,3%), du parc Fixe (+6,7%) et du Haut D\u00e9bit Fixe (+10,4%) au Maroc, explique lundi Maroc Telecom dans un communiqu\u00e9 sur ses r\u00e9sultats \u00e0 fin septembre 2020.<\/p>\n<p>Au d\u00e9tail, le parc Mobile s\u2019\u00e9l\u00e8ve \u00e0 19,7 millions de clients, en contraction de 2,8% sur une ann\u00e9e, fait savoir la m\u00eame source, pr\u00e9cisant que les effets de la crise sanitaire exercent une pression importante sur les activit\u00e9s Mobile qui enregistrent un chiffre d\u2019affaires en baisse de 5,5%, pour s\u2019\u00e9tablir \u00e0 plus de 10,13 milliards de dirhams (MMDH).<\/p>\n<p>Pour ce qui est de l\u2019ARPU mixte, qui se d\u00e9finit comme le CA g\u00e9n\u00e9r\u00e9 par les appels entrants et sortants et par les services de donn\u00e9es nets des promotions, hors roaming et ventes d\u2019\u00e9quipement, divis\u00e9 par le parc moyen de la p\u00e9riode, il a baiss\u00e9 de 6,1% \u00e0 55,1 dirhams au terme des neuf premiers mois de 2020.<\/p>\n<p>En outre, Maroc Telecom indique que le parc Fixe s\u2019est am\u00e9lior\u00e9 de 6,7% sur un an, \u00e0 pr\u00e8s de 2 millions de lignes, portant le parc Haut D\u00e9bit \u00e0 1,7 million d\u2019abonn\u00e9s, soit une progression de 10,4%.<\/p>\n<p>Les activit\u00e9s Fixe et Internet au Maroc ont r\u00e9alis\u00e9 ainsi un chiffre d\u2019affaires de plus de 7,09 MMDH \u00e0 fin septembre 2020, en hausse de 2,0% par rapport \u00e0 la m\u00eame p\u00e9riode de 2019, port\u00e9es par la Data Fixe.<\/p>\n<p>A l\u2019international, le parc mobile a d\u00e9pass\u00e9 les 46,6 millions de clients r\u00e9partis sur la Mauritanie (2,57 millions), Burkina Faso (9,08 millions), Gabon (1,56 millions), Mali (8,57 millions), C\u00f4te d\u2019ivoire (9,7 millions), B\u00e9nin (4,54 millions), Togo (3,19 millions), Niger (2,88 millions), Centrafrique (185.000) et Tchad (4,30 millions).<\/p>\n<p>Commentant ces r\u00e9sultats, le Pr\u00e9sident du Directoire du Groupe Maroc Telecom, Abdeslam Ahizoune, a indiqu\u00e9 que dans ce contexte de crise sanitaire mondiale et de durcissement de la concurrence, la strat\u00e9gie de diversification \u00e0 l\u2019international, initi\u00e9e par Maroc Telecom depuis plusieurs ann\u00e9es, d\u00e9montre \u00e0 nouveau son succ\u00e8s. Les actifs \u00e0 l\u2019international permettent en effet au Groupe d\u2019am\u00e9liorer sa r\u00e9silience dans cette conjoncture difficile.<\/p>\n<p>\u00abMaroc Telecom a \u00e9galement fait preuve d\u2019une grande capacit\u00e9 d\u2019adaptation pour faire face aux effets de la crise et ce \u00e0 travers l\u2019adoption, d\u00e8s le d\u00e9but de la pand\u00e9mie, de plans d\u2019optimisation des co\u00fbts et d\u2019une gestion optimis\u00e9e des investissements\u00bb, a-t-il constat\u00e9.<\/p>\n<p>Et d\u2019ajouter que le Groupe poursuit par ailleurs la modernisation des infrastructures et des services afin d\u2019offrir aux clients la meilleure qualit\u00e9 et la plus large couverture au niveau de tous les pays de pr\u00e9sence.<\/p>\n<p>Auteur: M&rsquo;hammed rahal<br \/>\n<a href=\"http:\/\/albayane.press.ma\/%EF%BB%BFmaroc-telecom-compte-desormais-plus-de-70-millions-de-clients.html\">Cliquez ici pour lire l&rsquo;article depuis sa source.<\/a><\/p>\n","protected":false},"excerpt":{"rendered":"<p>Des r\u00e9sultats en hausse \u00e0 fin septembre 2020 Les parcs du Groupe Maroc Telecom ont atteint 70,5 millions de clients \u00e0 fin septembre 2020, en augmentation de 4,3% par rapport \u00e0 la m\u00eame p\u00e9riode un an auparavant. Cette croissance est principalement tir\u00e9e par la hausse du parc des filiales (+7,3%), du parc Fixe (+6,7%) et [&hellip;]<\/p>\n","protected":false},"author":1760,"featured_media":0,"comment_status":"closed","ping_status":"closed","sticky":false,"template":"","format":"standard","meta":{"fifu_image_url":"","fifu_image_alt":"","footnotes":""},"categories":[73,54],"tags":[],"class_list":["post-102146","post","type-post","status-publish","format-standard","hentry","category-actualite","category-maroc"],"_links":{"self":[{"href":"https:\/\/linitiative.ca\/International\/wp-json\/wp\/v2\/posts\/102146","targetHints":{"allow":["GET"]}}],"collection":[{"href":"https:\/\/linitiative.ca\/International\/wp-json\/wp\/v2\/posts"}],"about":[{"href":"https:\/\/linitiative.ca\/International\/wp-json\/wp\/v2\/types\/post"}],"author":[{"embeddable":true,"href":"https:\/\/linitiative.ca\/International\/wp-json\/wp\/v2\/users\/1760"}],"replies":[{"embeddable":true,"href":"https:\/\/linitiative.ca\/International\/wp-json\/wp\/v2\/comments?post=102146"}],"version-history":[{"count":0,"href":"https:\/\/linitiative.ca\/International\/wp-json\/wp\/v2\/posts\/102146\/revisions"}],"wp:attachment":[{"href":"https:\/\/linitiative.ca\/International\/wp-json\/wp\/v2\/media?parent=102146"}],"wp:term":[{"taxonomy":"category","embeddable":true,"href":"https:\/\/linitiative.ca\/International\/wp-json\/wp\/v2\/categories?post=102146"},{"taxonomy":"post_tag","embeddable":true,"href":"https:\/\/linitiative.ca\/International\/wp-json\/wp\/v2\/tags?post=102146"}],"curies":[{"name":"wp","href":"https:\/\/api.w.org\/{rel}","templated":true}]}}