{"id":102147,"date":"2020-10-19T11:02:55","date_gmt":"2020-10-19T15:02:55","guid":{"rendered":"https:\/\/linitiative.ca\/International\/%ef%bb%bfla-tunisienne-des-arts-et-des-lettres\/"},"modified":"2020-10-19T11:02:55","modified_gmt":"2020-10-19T15:02:55","slug":"%ef%bb%bfla-tunisienne-des-arts-et-des-lettres","status":"publish","type":"post","link":"https:\/\/linitiative.ca\/International\/%ef%bb%bfla-tunisienne-des-arts-et-des-lettres\/","title":{"rendered":"\ufeffLa Tunisienne des Arts et des Lettres"},"content":{"rendered":"<p class=\"has-text-color has-vivid-red-color c2\"><strong>Entretien avec Leila Berhouma<\/strong><\/p>\n<p class=\"c3\"><strong>Par Noureddine Mhakkak<\/strong><\/p>\n<p class=\"has-text-color has-vivid-cyan-blue-color\"><strong>Intellectuelle tunisienne, docteur en sciences culturelles sp\u00e9cialiste en audiovisuel, Enseignante universitaire \u00e0 l\u2019institut sup\u00e9rieur des arts de multim\u00e9dia \u00e0 l\u2019universit\u00e9 de la Manouba, a d\u00e9j\u00e0 particip\u00e9 \u00e0 de nombreux colloques tunisiens et internationaux et en tant que membre de jury dans plusieurs festivals de cin\u00e9ma en Tunisie et dans le monde.<\/strong><\/p>\n<p>Elle s\u2019int\u00e9resse au monde litt\u00e9raire et artistique des enfants et \u00e0 travers lui, elle essaie de renouveler ou plut\u00f4t de recr\u00e9er un univers culturel plein de beaut\u00e9 et d\u2019amiti\u00e9 et d\u2019amour.<\/p>\n<p><strong>Voici un entretien avec elle<\/strong><\/p>\n<p class=\"has-text-color has-vivid-red-color\"><strong>Que repr\u00e9sentent les Arts et les Lettres pour vous ?<\/strong><\/p>\n<p>L\u2019art, est ma nourriture, c\u2019est un moyen de puiser de la beaut\u00e9 et absorber cette \u00e9nergie par mes sens, pour la rediffuser par diff\u00e9rentes techniques artistiques. La litt\u00e9rature,\u00a0c\u2019est avant tout un moyen de m\u2019\u00e9vader, de voyager. Pour moi la litt\u00e9rature c\u2019est l\u2019art qui se fait avec les mots et des id\u00e9es \u00e0 travers l\u2019\u00e9criture.<\/p>\n<p class=\"has-text-color has-vivid-red-color\"><strong>Que repr\u00e9sente la beaut\u00e9 pour vous ?<\/strong><\/p>\n<p>La beaut\u00e9 pour moi est subjective elle d\u00e9pend des individus mais\u00a0tout ce qui est beau nous stimule et procure en nous un plaisir esth\u00e9tique\u00a0\u00a0 et parvient \u00e0 r\u00e9concilier notre sensibilit\u00e9.<\/p>\n<p class=\"has-text-color has-vivid-red-color\"><strong>Que repr\u00e9sente l\u2019\u00e9criture pour vous ?<\/strong><\/p>\n<p>\u00a0 Pour moi, l\u2019\u00e9criture est l\u2019essence de mon existence. C\u2019est une sorte d\u2019exutoire dans lequel je me semble irr\u00e9m\u00e9diablement embarqu\u00e9e. C\u2019est une passerelle, entre le monde r\u00e9el et la fiction que seul je gouverne. Mes r\u00eaves sont ma plus grande source de cr\u00e9ation, ils incarnent mes fantasmes inavou\u00e9s et mes d\u00e9sirs intenses. J\u2019inscris \u00e0 l\u2019encre mon ali\u00e9nation dans la chair du papier et je me forme une catharsis \u00e0 travers l\u2019\u00e9criture.<\/p>\n<p class=\"has-text-color has-vivid-red-color\"><strong>Parlez-nous des livres \/ des films que vous avez d\u00e9j\u00e0 lus \/ vus et qui ont marqu\u00e9 vos pens\u00e9es.<\/strong><\/p>\n<p>Mon film pr\u00e9f\u00e9r\u00e9 c\u2019est \u00ab\u00a0Jeux interdits\u00a0\u00bb de Ren\u00e9 Cl\u00e9ment, c\u2019est l\u2019un de ses meilleurs classiques du cin\u00e9ma fran\u00e7ais, alliant la po\u00e9sie de l\u2019enfance, marqu\u00e9e par la cruaut\u00e9 et la mort du monde adulte. C\u2019est un classique du cin\u00e9ma fran\u00e7ais, au sc\u00e9nario intemporel et universel, accompagn\u00e9 d\u2019une c\u00e9l\u00e8bre musique interpr\u00e9t\u00e9e par le guitariste espagnol Narciso Yepes. C\u2019est l\u2019une de ses plus belles r\u00e9alisations et l\u2019une des \u0153uvres d\u2019anthologie du cin\u00e9ma d\u2019apr\u00e8s-guerre.<\/p>\n<p>J\u2019aime aussi \u00ab\u00a0Le Cahier\u00a0\u00bb, un film iranien r\u00e9alis\u00e9 par Hana Makhmalbaf. L\u2019action se situe \u00e0 B\u00e2miy\u00e2n, en Afghanistan, sur le lieu de la destruction des Bouddhas g\u00e9ants d\u00e9truits par les talibans en mars 2001. Il y a incontestablement un style qui \u00e9voque tout \u00e0 la fois \u00ab\u00a0The Kid\u00a0\u00bb, le n\u00e9o-r\u00e9alisme et le cin\u00e9ma sovi\u00e9tique, et la fa\u00e7on de mettre les enfants au centre du r\u00e9cit place \u00ab\u00a0Le Cahier\u00a0\u00bb dans la lign\u00e9e de \u00ab\u00a0Z\u00e9ro de Conduite\u00a0\u00bb et \u00ab\u00a0Les 400 Coups\u00a0\u00bb.<\/p>\n<p>Sensible et d\u00e9licate, cette all\u00e9gorie confirme la r\u00e9ussite du th\u00e8me de l\u2019enfant dans le cin\u00e9ma iranien. Kiarostami et Panahi avaient certes plac\u00e9 la barre plus haut mais la jeune r\u00e9alisatrice ne d\u00e9m\u00e9rite pas. Pour le livre qui m\u2019a marqu\u00e9 c\u2019est \u00ab\u00a0Les vilains petits canards\u00a0\u00bb de <a href=\"https:\/\/www.babelio.com\/auteur\/Boris-Cyrulnik\/2779\">Boris\u00a0Cyrulnik<\/a>. Pour moi c\u2019est une le\u00e7on de vie, c\u2019est un livre optimiste qui d\u00e9crit le ph\u00e9nom\u00e8ne de r\u00e9silience et prouve que pourvu que des m\u00e9canismes de d\u00e9fense se mettent en place et que des mains se tendent, aucune blessure n\u2019est irr\u00e9versible. Dans ce livre Cyrulnik nous invite \u00e0 consid\u00e9rer le traumatisme comme un d\u00e9fi.<\/p>\n<p class=\"has-text-color has-vivid-red-color\"><strong>Parlez-nous des villes que vous avez visit\u00e9es et qui ont laiss\u00e9 une remarquable trace dans votre parcours litt\u00e9raire \/ artistique.<\/strong><\/p>\n<p>J\u2019ai visit\u00e9 plusieurs villes europ\u00e9ennes et arabes mais j\u2019ai un faible particulier pour les villes arabes parce que je retourne toujours avec de nouvelles amiti\u00e9s. Pour les villes qui m\u2019ont marqu\u00e9e\u00a0:\u00a0j\u2019ai beaucoup aim\u00e9 Damas. Damas a laiss\u00e9 une trace, c\u2019est le carrefour des civilisations depuis la haute antiquit\u00e9, j\u2019ai particip\u00e9 en tant que conf\u00e9renci\u00e8re au festival de Damas du cin\u00e9ma de l\u2019enfance et de la jeunesse et j\u2019ai beaucoup aim\u00e9 cette ville syrienne. J\u2019ai beaucoup aim\u00e9 aussi Chefchaouen, la belle ville marocaine, la ville de montagne au cadre superbe, pleine de charme et \u00e0 l\u2019\u00e9cart des grands centres touristiques. J\u2019\u00e9tais membre de jury dans festival Chefchaouen de l\u2019enfance et de la jeunesse, ce qui m\u2019a marqu\u00e9 \u00e0 Chefchaouen c\u2019est son authenticit\u00e9 ses ruelles au d\u00e9cor m\u00e9diterran\u00e9en de maisons bleu. Il y a aussi une chose remarquable c\u2019est que les gens \u00ab\u00a0vieux ou jeunes\u00a0\u00bb participent au festival, ils aident l\u2019\u00e9quipe du festival, ils chantent, dansent, regardent les films en famille. Tu sens que le peuple Chefchaounien est une famille, c\u2019est une maison familiale \u00e0 ciel ouvert. A par ma pr\u00e9sence en tant que membre de jury j\u2019ai pr\u00e9sent\u00e9 une conf\u00e9rence et j\u2019ai dirig\u00e9 des ateliers pour les ados, nous \u00e9tions tr\u00e8s proches au peuple marocain, ils sont chaleureux simples et authentiques.<\/p>\n<p>Auteur: M&rsquo;hammed rahal<br \/>\n<a href=\"http:\/\/albayane.press.ma\/%EF%BB%BFla-tunisienne-des-arts-et-des-lettres.html\">Cliquez ici pour lire l&rsquo;article depuis sa source.<\/a><\/p>\n","protected":false},"excerpt":{"rendered":"<p>Entretien avec Leila Berhouma Par Noureddine Mhakkak Intellectuelle tunisienne, docteur en sciences culturelles sp\u00e9cialiste en audiovisuel, Enseignante universitaire \u00e0 l\u2019institut sup\u00e9rieur des arts de multim\u00e9dia \u00e0 l\u2019universit\u00e9 de la Manouba, a d\u00e9j\u00e0 particip\u00e9 \u00e0 de nombreux colloques tunisiens et internationaux et en tant que membre de jury dans plusieurs festivals de cin\u00e9ma en Tunisie et [&hellip;]<\/p>\n","protected":false},"author":1760,"featured_media":0,"comment_status":"closed","ping_status":"closed","sticky":false,"template":"","format":"standard","meta":{"fifu_image_url":"","fifu_image_alt":"","footnotes":""},"categories":[73,54],"tags":[],"class_list":["post-102147","post","type-post","status-publish","format-standard","hentry","category-actualite","category-maroc"],"_links":{"self":[{"href":"https:\/\/linitiative.ca\/International\/wp-json\/wp\/v2\/posts\/102147","targetHints":{"allow":["GET"]}}],"collection":[{"href":"https:\/\/linitiative.ca\/International\/wp-json\/wp\/v2\/posts"}],"about":[{"href":"https:\/\/linitiative.ca\/International\/wp-json\/wp\/v2\/types\/post"}],"author":[{"embeddable":true,"href":"https:\/\/linitiative.ca\/International\/wp-json\/wp\/v2\/users\/1760"}],"replies":[{"embeddable":true,"href":"https:\/\/linitiative.ca\/International\/wp-json\/wp\/v2\/comments?post=102147"}],"version-history":[{"count":0,"href":"https:\/\/linitiative.ca\/International\/wp-json\/wp\/v2\/posts\/102147\/revisions"}],"wp:attachment":[{"href":"https:\/\/linitiative.ca\/International\/wp-json\/wp\/v2\/media?parent=102147"}],"wp:term":[{"taxonomy":"category","embeddable":true,"href":"https:\/\/linitiative.ca\/International\/wp-json\/wp\/v2\/categories?post=102147"},{"taxonomy":"post_tag","embeddable":true,"href":"https:\/\/linitiative.ca\/International\/wp-json\/wp\/v2\/tags?post=102147"}],"curies":[{"name":"wp","href":"https:\/\/api.w.org\/{rel}","templated":true}]}}