{"id":102148,"date":"2020-10-19T11:08:45","date_gmt":"2020-10-19T15:08:45","guid":{"rendered":"https:\/\/linitiative.ca\/International\/le-7eme-art-ou-le-cinema-selon-noureddine-mhakkak\/"},"modified":"2020-10-19T11:08:45","modified_gmt":"2020-10-19T15:08:45","slug":"le-7eme-art-ou-le-cinema-selon-noureddine-mhakkak","status":"publish","type":"post","link":"https:\/\/linitiative.ca\/International\/le-7eme-art-ou-le-cinema-selon-noureddine-mhakkak\/","title":{"rendered":"Le 7\u00e8me Art ou le cin\u00e9ma selon Noureddine Mhakkak"},"content":{"rendered":"<p class=\"has-text-color c2\"><strong>Une cha\u00eene culturelle qui s\u2019int\u00e9resse au cin\u00e9ma en g\u00e9n\u00e9ral et au cin\u00e9ma maghr\u00e9bin et africain en particulier vient de voir le jour en 4 octobre 2020. Cette cha\u00eene culturelle est pr\u00e9par\u00e9e et pr\u00e9sent\u00e9e par l\u2019\u00e9crivain et l\u2019intellectuel marocain Noureddine Mhakkak .<\/strong><\/p>\n<p>Ce cin\u00e9phile et critique de cin\u00e9ma qui a d\u00e9cid\u00e9 de cr\u00e9er cette cha\u00eene pour parler du cin\u00e9ma. Pour parler de cet art selon ses grandsma\u00eetres tel Jean-Luc Godard qui voit le cin\u00e9ma en tant un art sublime. D\u2019ailleurs il a dit tant de belles choses \u00e0 propos du cin\u00e9ma. Il a dit par exemple que \u00abLa litt\u00e9rature, c\u2019est souvent du cin\u00e9ma\u00bb et il a dit aussi \u00abJe ne veux parler que de cin\u00e9ma, pourquoi parler d\u2019autre chose ? Avec le cin\u00e9ma on parle de tout, on arrive \u00e0 tout\u00bb, et tel Fran\u00e7ois Truffaut qui a dit lui aussi des belles paroles sur le cin\u00e9ma.<\/p>\n<p>On peut citer quelques citations de lui sur ce bel art telle celle-ci \u00abLe cin\u00e9ma est un m\u00e9lange parfait de v\u00e9rit\u00e9 et de spectacle\u00bb. Et pour Martin Page on voit que \u00abLe cin\u00e9ma se nourrit de litt\u00e9rature, et la litt\u00e9rature se nourrit de tout, notamment de cin\u00e9ma\u00bb.<\/p>\n<p>Dans cette cha\u00eene, Noureddine Mhakkak d\u00e9clare \u00e0 haute voix qu\u2019il va essayer de parler des films marocains, des films alg\u00e9riens, des films tunisiens, et qu\u2019il n\u2019oubliera pas de parler bien s\u00fbr du cin\u00e9ma \u00e9gyptien. Puisque ce cin\u00e9ma a pu laisser des grandes traces sur les cin\u00e9mas arabes. Et d\u2019un autre c\u00f4t\u00e9, Noureddine Mhakkak va essayer de pr\u00e9senter des livres qui ont parl\u00e9 du cin\u00e9ma, et \u00e0 travers ces livres, il va essayer de parler de la critique cin\u00e9matographique. Et parler de la critique cin\u00e9matographique cela veut dire, parler des grands critiques de cin\u00e9ma comme Andr\u00e9 Bazin, Serge Daney, Michel Ciment, Antoine De Baecque, Jean-Michel Frodon et bien d\u2019autres.<\/p>\n<p>Ainsi, on peut dire que l\u2019\u00e9crivain et l\u2019intellectuel marocain Noureddine Mhakkak, et \u00e0 travers cettecha\u00eene culturelle va essayer de faire un travail culturel, un travail qui s\u2019int\u00e9resse surtout au domaine du cin\u00e9ma en particulier et du domaine de l\u2019image artistique en g\u00e9n\u00e9ral.<\/p>\n<p>Auteur: M&rsquo;hammed rahal<br \/>\n<a href=\"http:\/\/albayane.press.ma\/le-7eme-art-ou-le-cinema-selon-noureddine-mhakkak.html\">Cliquez ici pour lire l&rsquo;article depuis sa source.<\/a><\/p>\n","protected":false},"excerpt":{"rendered":"<p>Une cha\u00eene culturelle qui s\u2019int\u00e9resse au cin\u00e9ma en g\u00e9n\u00e9ral et au cin\u00e9ma maghr\u00e9bin et africain en particulier vient de voir le jour en 4 octobre 2020. Cette cha\u00eene culturelle est pr\u00e9par\u00e9e et pr\u00e9sent\u00e9e par l\u2019\u00e9crivain et l\u2019intellectuel marocain Noureddine Mhakkak . Ce cin\u00e9phile et critique de cin\u00e9ma qui a d\u00e9cid\u00e9 de cr\u00e9er cette cha\u00eene pour [&hellip;]<\/p>\n","protected":false},"author":1760,"featured_media":0,"comment_status":"closed","ping_status":"closed","sticky":false,"template":"","format":"standard","meta":{"fifu_image_url":"","fifu_image_alt":"","footnotes":""},"categories":[73,54],"tags":[],"class_list":["post-102148","post","type-post","status-publish","format-standard","hentry","category-actualite","category-maroc"],"_links":{"self":[{"href":"https:\/\/linitiative.ca\/International\/wp-json\/wp\/v2\/posts\/102148","targetHints":{"allow":["GET"]}}],"collection":[{"href":"https:\/\/linitiative.ca\/International\/wp-json\/wp\/v2\/posts"}],"about":[{"href":"https:\/\/linitiative.ca\/International\/wp-json\/wp\/v2\/types\/post"}],"author":[{"embeddable":true,"href":"https:\/\/linitiative.ca\/International\/wp-json\/wp\/v2\/users\/1760"}],"replies":[{"embeddable":true,"href":"https:\/\/linitiative.ca\/International\/wp-json\/wp\/v2\/comments?post=102148"}],"version-history":[{"count":0,"href":"https:\/\/linitiative.ca\/International\/wp-json\/wp\/v2\/posts\/102148\/revisions"}],"wp:attachment":[{"href":"https:\/\/linitiative.ca\/International\/wp-json\/wp\/v2\/media?parent=102148"}],"wp:term":[{"taxonomy":"category","embeddable":true,"href":"https:\/\/linitiative.ca\/International\/wp-json\/wp\/v2\/categories?post=102148"},{"taxonomy":"post_tag","embeddable":true,"href":"https:\/\/linitiative.ca\/International\/wp-json\/wp\/v2\/tags?post=102148"}],"curies":[{"name":"wp","href":"https:\/\/api.w.org\/{rel}","templated":true}]}}