{"id":102154,"date":"2020-10-19T06:30:00","date_gmt":"2020-10-19T10:30:00","guid":{"rendered":"https:\/\/linitiative.ca\/International\/3-morts-et-6-blesses-dans-un-accident-de-la-route-a-aflou-laghouat\/"},"modified":"2020-10-19T06:30:00","modified_gmt":"2020-10-19T10:30:00","slug":"3-morts-et-6-blesses-dans-un-accident-de-la-route-a-aflou-laghouat","status":"publish","type":"post","link":"https:\/\/linitiative.ca\/International\/3-morts-et-6-blesses-dans-un-accident-de-la-route-a-aflou-laghouat\/","title":{"rendered":"3 morts et 6 bless\u00e9s dans un accident de la route \u00e0 Aflou (Laghouat)"},"content":{"rendered":"<div id=\"originalText\" readability=\"53\">\n<p class=\"c6\">Trois personnes sont d\u00e9c\u00e9d\u00e9es et six autres ont \u00e9t\u00e9 bless\u00e9es suite \u00e0 un accident de la circulation survenu dans la nuit de dimanche \u00e0 lundi sur la route nationale (RN-47) dans la da\u00efra d\u2019Aflou, wilaya de Laghouat , a-t-on appris aupr\u00e8s des services de la protection civile (PC).<\/p>\n<p class=\"c6\">Le drame s\u2019est produit au niveau du lieu dit \u00ab\u00a0Hassi Ma\u00e2rouf\u00a0\u00bb dans le territoire de la commune de Sebgag, relevant de la\u00a0 da\u00efra d\u2019Aflou, suite \u00e0 une collision frontale entre deux v\u00e9hicules touristiques causant la mort de trois personnes et six autres ont \u00e9t\u00e9 bless\u00e9es, selon la m\u00eame source .<\/p>\n<p class=\"c6\">Les corps des victimes de cet accident ont \u00e9t\u00e9 \u00e9vacu\u00e9s par les \u00e9quipes de la protection civile vers la morgue de l\u2019\u00e9tablissement public hospitalier (EPH) Abdelkader Bejara d\u2019Aflou, o\u00f9 ont \u00e9galement admis les bless\u00e9s, a-t-on pr\u00e9cis\u00e9.<\/p>\n<p class=\"c6\">Une enqu\u00eate a \u00e9t\u00e9 ouverte par les services de la gendarmerie nationale pour d\u00e9terminer les circonstances exactes de cet accident .<\/p>\n<p class=\"c6\">\u00a0<\/p>\n<p class=\"c7\"><strong>APS<\/strong><\/p>\n<\/div>\n<div id=\"text_core\" readability=\"53\">\n<p class=\"c6\">Trois personnes sont d\u00e9c\u00e9d\u00e9es et six autres ont \u00e9t\u00e9 bless\u00e9es suite \u00e0 un accident de la circulation survenu dans la nuit de dimanche \u00e0 lundi sur la route nationale (RN-47) dans la da\u00efra d\u2019Aflou, wilaya de Laghouat , a-t-on appris aupr\u00e8s des services de la protection civile (PC).<\/p>\n<p class=\"c6\">Le drame s\u2019est produit au niveau du lieu dit \u00ab\u00a0Hassi Ma\u00e2rouf\u00a0\u00bb dans le territoire de la commune de Sebgag, relevant de la\u00a0 da\u00efra d\u2019Aflou, suite \u00e0 une collision frontale entre deux v\u00e9hicules touristiques causant la mort de trois personnes et six autres ont \u00e9t\u00e9 bless\u00e9es, selon la m\u00eame source .<\/p>\n<p class=\"c6\">Les corps des victimes de cet accident ont \u00e9t\u00e9 \u00e9vacu\u00e9s par les \u00e9quipes de la protection civile vers la morgue de l\u2019\u00e9tablissement public hospitalier (EPH) Abdelkader Bejara d\u2019Aflou, o\u00f9 ont \u00e9galement admis les bless\u00e9s, a-t-on pr\u00e9cis\u00e9.<\/p>\n<p class=\"c6\">Une enqu\u00eate a \u00e9t\u00e9 ouverte par les services de la gendarmerie nationale pour d\u00e9terminer les circonstances exactes de cet accident .<\/p>\n<p class=\"c6\">\u00a0<\/p>\n<p class=\"c7\"><strong>APS<\/strong><\/p>\n<\/div>\n<p>Auteur:<br \/>\n<a href=\"https:\/\/www.liberte-algerie.com\/actualite\/3-morts-et-6-blesses-dans-un-accident-de-la-route-a-aflou-laghouat-347530\">Cliquez ici pour lire l&rsquo;article depuis sa source.<\/a><\/p>\n","protected":false},"excerpt":{"rendered":"<p>Trois personnes sont d\u00e9c\u00e9d\u00e9es et six autres ont \u00e9t\u00e9 bless\u00e9es suite \u00e0 un accident de la circulation survenu dans la nuit de dimanche \u00e0 lundi sur la route nationale (RN-47) dans la da\u00efra d\u2019Aflou, wilaya de Laghouat , a-t-on appris aupr\u00e8s des services de la protection civile (PC). Le drame s\u2019est produit au niveau du [&hellip;]<\/p>\n","protected":false},"author":1742,"featured_media":0,"comment_status":"closed","ping_status":"closed","sticky":false,"template":"","format":"standard","meta":{"fifu_image_url":"","fifu_image_alt":"","footnotes":""},"categories":[73,53],"tags":[],"class_list":["post-102154","post","type-post","status-publish","format-standard","hentry","category-actualite","category-algerie"],"_links":{"self":[{"href":"https:\/\/linitiative.ca\/International\/wp-json\/wp\/v2\/posts\/102154","targetHints":{"allow":["GET"]}}],"collection":[{"href":"https:\/\/linitiative.ca\/International\/wp-json\/wp\/v2\/posts"}],"about":[{"href":"https:\/\/linitiative.ca\/International\/wp-json\/wp\/v2\/types\/post"}],"author":[{"embeddable":true,"href":"https:\/\/linitiative.ca\/International\/wp-json\/wp\/v2\/users\/1742"}],"replies":[{"embeddable":true,"href":"https:\/\/linitiative.ca\/International\/wp-json\/wp\/v2\/comments?post=102154"}],"version-history":[{"count":0,"href":"https:\/\/linitiative.ca\/International\/wp-json\/wp\/v2\/posts\/102154\/revisions"}],"wp:attachment":[{"href":"https:\/\/linitiative.ca\/International\/wp-json\/wp\/v2\/media?parent=102154"}],"wp:term":[{"taxonomy":"category","embeddable":true,"href":"https:\/\/linitiative.ca\/International\/wp-json\/wp\/v2\/categories?post=102154"},{"taxonomy":"post_tag","embeddable":true,"href":"https:\/\/linitiative.ca\/International\/wp-json\/wp\/v2\/tags?post=102154"}],"curies":[{"name":"wp","href":"https:\/\/api.w.org\/{rel}","templated":true}]}}