{"id":102158,"date":"2020-10-19T09:56:06","date_gmt":"2020-10-19T13:56:06","guid":{"rendered":"https:\/\/linitiative.ca\/International\/education-secondaire-remise-de-materiels-didactiques-aux-ecoles\/"},"modified":"2020-10-19T09:56:06","modified_gmt":"2020-10-19T13:56:06","slug":"education-secondaire-remise-de-materiels-didactiques-aux-ecoles","status":"publish","type":"post","link":"https:\/\/linitiative.ca\/International\/education-secondaire-remise-de-materiels-didactiques-aux-ecoles\/","title":{"rendered":"Education secondaire: Remise de mat\u00e9riels didactiques aux \u00e9coles"},"content":{"rendered":"<div readability=\"38\">\n<p>Essaouira \u2013 La Direction provinciale de l\u2019Education nationale \u00e0 Essaouira a proc\u00e9d\u00e9, r\u00e9cemment, \u00e0 la remise d\u2019un lot de mat\u00e9riels didactiques aux \u00e9tablissements scolaires relevant de la Direction, b\u00e9n\u00e9ficiaires du projet \u00ab\u00a0Education secondaire\u00a0\u00bb au niveau de l\u2019Acad\u00e9mie R\u00e9gionale de l\u2019Education et de la Formation (AREF) de Marrakech-Safi.<\/p>\n<\/div>\n<div readability=\"89\">\n<p>Ce projet s\u2019inscrit dans le cadre du 2\u00e8me programme de coop\u00e9ration \u00ab\u00a0Compact II\u00a0\u00bb, conclu entre le gouvernement du Royaume du Maroc et le gouvernement des Etats-Unis, repr\u00e9sent\u00e9 par le Millennium Challenge Corporation (MCC).<\/p>\n<p>La c\u00e9r\u00e9monie de remise de ce mat\u00e9riel s\u2019est d\u00e9roul\u00e9e au si\u00e8ge de la Direction, en pr\u00e9sence du directeur provincial de l\u2019Education nationale, Nouredine El Aoufi Laghzaoui, des coordinateurs r\u00e9gional et provincial dudit projet, des repr\u00e9sentants de l\u2019agence du Millennium Challenge Account (MCA) et du programme \u00ab\u00a0G\u00e9n\u00e9ralisation des technologies d\u2019information et de communication dans l\u2019enseignement\u00a0\u00bb (G\u00e9nie), du chef de l\u2019unit\u00e9 administrative du syst\u00e8me d\u2019information \u00e0 la Direction provinciale, des directeurs des \u00e9tablissements scolaires concern\u00e9s ainsi que des gestionnaires des services mat\u00e9riels et financiers.<\/p>\n<p>Les \u00e9tablissements d\u2019enseignement b\u00e9n\u00e9ficiaires au niveau de la province d\u2019Essaouira sont le Lyc\u00e9e coll\u00e9gial nouveau (commune d\u2019Essaouira), le Lyc\u00e9e coll\u00e9gial Smimou (commune de Smimou), le Lyc\u00e9e coll\u00e9gial Mohamed Zerktouni (commune d\u2019Ounagha), le Lyc\u00e9e coll\u00e9gial Jabir Ibn Hayane (commune de Sidi Ishaq) et le lyc\u00e9e qualifiant Talmest (lyc\u00e9e coll\u00e9gial\/lyc\u00e9e qualifiant) (commune de Talmest).<\/p>\n<p>Dot\u00e9 d\u2019un budget de 111,4 millions de dollars US, le projet \u00ab\u00a0Education secondaire\u00a0\u00bb a pour objectifs d\u2019am\u00e9liorer la qualit\u00e9 et la pertinence des programmes de l\u2019enseignement secondaire (coll\u00e8ges et lyc\u00e9es) et de garantir l\u2019\u00e9quit\u00e9 d\u2019acc\u00e8s \u00e0 cet enseignement.<\/p>\n<p>Con\u00e7u en parfait alignement avec les dispositions de la loi-cadre N\u00b0 51.17 relative au syst\u00e8me de l\u2019\u00e9ducation, de la formation et de la recherche scientifique, ce projet est mis en \u0153uvre en \u00e9troite coop\u00e9ration avec le D\u00e9partement de l\u2019Education nationale et les AREF concern\u00e9es: Tanger-T\u00e9touan-Al Hoce\u00efma, F\u00e8s-Mekn\u00e8s et Marrakech-Safi.<\/p>\n<p>Lors de cette c\u00e9r\u00e9monie, qui s\u2019est d\u00e9roul\u00e9e dans le strict respect des mesures pr\u00e9ventives en vigueur pour enrayer la propagation de la Covid-19, M. El Aoufi Laghzaoui a salu\u00e9 les grands efforts d\u00e9ploy\u00e9s par l\u2019ensemble des intervenants dans le cadre du projet \u00ab\u00a0Education secondaire\u00a0\u00bb, soulignant l\u2019importance des activit\u00e9s et actions ainsi que des op\u00e9rations programm\u00e9es pour contribuer \u00e0 la promotion et \u00e0 l\u2019am\u00e9lioration des conditions de scolarisation.<\/p>\n<p>A noter que l\u2019acquisition et la livraison de ce mat\u00e9riel didactique de pointe s\u2019inscrit dans le cadre de la mise en \u0153uvre du mod\u00e8le \u00ab\u00a0Lyc\u00e9e Attahadi\u00a0\u00bb (lyc\u00e9e du d\u00e9fi), principale composante du projet \u00ab\u00a0Education Secondaire\u00a0\u00bb.<\/p>\n<p>Le d\u00e9ploiement du mod\u00e8le \u00ab\u00a0Lyc\u00e9e Attahadi\u00a0\u00bb consiste \u00e0 apporter un appui int\u00e9gr\u00e9 aux \u00e9tablissements de l\u2019enseignement secondaire cibles, portant sur le renforcement de leur autonomie administrative et financi\u00e8re, la promotion d\u2019une p\u00e9dagogie centr\u00e9e sur l\u2019\u00e9l\u00e8ve et l\u2019am\u00e9lioration de l\u2019environnement physique des apprentissages \u00e0 travers des r\u00e9habilitations ad\u00e9quates des infrastructures scolaires et la fourniture d\u2019\u00e9quipements n\u00e9cessaires \u00e0 l\u2019innovation p\u00e9dagogique.<\/p>\n<\/div>\n<p>Auteur: Meriem IGASS<br \/>\n<a href=\"http:\/\/www.mapmarrakech.ma\/fr\/education-secondaire-remise-de-materiels-didactiques-aux-ecoles-beneficiaires\/\">Cliquez ici pour lire l&rsquo;article depuis sa source.<\/a><\/p>\n","protected":false},"excerpt":{"rendered":"<p>Essaouira \u2013 La Direction provinciale de l\u2019Education nationale \u00e0 Essaouira a proc\u00e9d\u00e9, r\u00e9cemment, \u00e0 la remise d\u2019un lot de mat\u00e9riels didactiques aux \u00e9tablissements scolaires relevant de la Direction, b\u00e9n\u00e9ficiaires du projet \u00ab\u00a0Education secondaire\u00a0\u00bb au niveau de l\u2019Acad\u00e9mie R\u00e9gionale de l\u2019Education et de la Formation (AREF) de Marrakech-Safi. Ce projet s\u2019inscrit dans le cadre du 2\u00e8me [&hellip;]<\/p>\n","protected":false},"author":1788,"featured_media":0,"comment_status":"closed","ping_status":"closed","sticky":false,"template":"","format":"standard","meta":{"fifu_image_url":"","fifu_image_alt":"","footnotes":""},"categories":[54,76],"tags":[],"class_list":["post-102158","post","type-post","status-publish","format-standard","hentry","category-maroc","category-regions"],"_links":{"self":[{"href":"https:\/\/linitiative.ca\/International\/wp-json\/wp\/v2\/posts\/102158","targetHints":{"allow":["GET"]}}],"collection":[{"href":"https:\/\/linitiative.ca\/International\/wp-json\/wp\/v2\/posts"}],"about":[{"href":"https:\/\/linitiative.ca\/International\/wp-json\/wp\/v2\/types\/post"}],"author":[{"embeddable":true,"href":"https:\/\/linitiative.ca\/International\/wp-json\/wp\/v2\/users\/1788"}],"replies":[{"embeddable":true,"href":"https:\/\/linitiative.ca\/International\/wp-json\/wp\/v2\/comments?post=102158"}],"version-history":[{"count":0,"href":"https:\/\/linitiative.ca\/International\/wp-json\/wp\/v2\/posts\/102158\/revisions"}],"wp:attachment":[{"href":"https:\/\/linitiative.ca\/International\/wp-json\/wp\/v2\/media?parent=102158"}],"wp:term":[{"taxonomy":"category","embeddable":true,"href":"https:\/\/linitiative.ca\/International\/wp-json\/wp\/v2\/categories?post=102158"},{"taxonomy":"post_tag","embeddable":true,"href":"https:\/\/linitiative.ca\/International\/wp-json\/wp\/v2\/tags?post=102158"}],"curies":[{"name":"wp","href":"https:\/\/api.w.org\/{rel}","templated":true}]}}