{"id":102167,"date":"2020-10-19T12:00:00","date_gmt":"2020-10-19T16:00:00","guid":{"rendered":"https:\/\/linitiative.ca\/International\/apres-messi-un-nouveau-probleme-pour-griezmann\/"},"modified":"2020-10-19T12:00:00","modified_gmt":"2020-10-19T16:00:00","slug":"apres-messi-un-nouveau-probleme-pour-griezmann","status":"publish","type":"post","link":"https:\/\/linitiative.ca\/International\/apres-messi-un-nouveau-probleme-pour-griezmann\/","title":{"rendered":"Apr\u00e8s Messi, un nouveau probl\u00e8me pour Griezmann ?"},"content":{"rendered":"<p class=\"p1 c3\"><span class=\"c2\">Antoine Griezmann ne semble pas vraiment \u00eatre parti du bon pied avec Ronald Koeman, son nouvel entraineur au FC Barcelone.<span class=\"Apple-converted-space\">\u00a0<\/span><\/span><\/p>\n<p class=\"p1 c3\"><span class=\"c2\">L\u2019aventure catalane d\u2019Antoine Griezmann a mal commenc\u00e9. Apr\u00e8s l\u2019avoir \u00e9conduit publiquement en 2018, dans une vid\u00e9o, le Champion du monde a rejoint le FC Barcelone un an apr\u00e8s en provenance de l\u2019Atl\u00e9tico de Madrid, pour 120M\u20ac. Une \u00ab decision \u00bb qui l\u2019a longtemps poursuivi.<span class=\"Apple-converted-space\">\u00a0<\/span><\/span><\/p>\n<p class=\"p1 c3\"><span class=\"c2\">La presse espagnole a en effet plusieurs fois assur\u00e9 que Lionel Messi ainsi que les cadres du Bar\u00e7a n&rsquo;auraient pas aim\u00e9 le comportement de Griezmann. Ils lui auraient fait payer tout au long de la derni\u00e8re saison, durant laquelle le Fran\u00e7ais a paru tr\u00e8s isol\u00e9. Sa connexion avec Messi a d\u2019ailleurs fait l\u2019objet d\u2019innombrables analyses et ce d\u00e9but de saison ne laisse pas forc\u00e9ment entrevoir un changement. Mais Messi pourrait ne plus \u00eatre le seul probl\u00e8me de Griezmann, \u00e0 Barcelone&#8230;<span class=\"Apple-converted-space\">\u00a0<\/span><\/span><\/p>\n<p class=\"p2 c4\">\u00a0<\/p>\n<p class=\"p3 c5\"><strong><span class=\"c2\">\u00c7a coincerait entre Griezmann et Koeman !<span class=\"Apple-converted-space\">\u00a0<\/span><\/span><\/strong><\/p>\n<p class=\"p1 c3\"><span class=\"c2\">Ce samedi, Sport fait sa Une sur l\u2019\u00e9change par m\u00e9dias interpos\u00e9s, entre Antoine Griezmann et Ronald Koeman. Apr\u00e8s la victoire de l\u2019\u00e9quipe de France face \u00e0 la Croatie r\u00e9cemment (1-2), l\u2019attaquant du FC Barcelone a lanc\u00e9 : \u00ab \u00c7a fait du bien, le coach sait o\u00f9 me mettre, je profite de la confiance du coach et de mes co\u00e9quipiers \u00bb. Un message que Koeman, \u00e0 en croire Sport, aurait pris pour lui ! D\u2019ailleurs, le coach du Bar\u00e7a a rapidement r\u00e9pondu par un laconique \u00ab Ici, c\u2019est moi qui commande \u00bb, mis en avant par le quotidien catalan.<\/span><\/p>\n<p class=\"p1 c3\"><span class=\"c2\">Dans ses colonnes, Sport va encore plus loin en expliquant qu\u2019il y aurait bien des incompr\u00e9hensions entre Koeman et Griezmann. Cela aurait commenc\u00e9 lors du match nul contre le FC S\u00e9ville (1-1), le 4 octobre dernier, lorsque l\u2019entraineur du Bar\u00e7a a critiqu\u00e9 son attaquant, assurant qu\u2019il aurait d\u00fb apporter la victoire \u00e0 son \u00e9quipe. Pour Sport le sc\u00e9nario est simple : Koeman n\u2019est pas satisfait des prestations de Griezmann, qui de son c\u00f4t\u00e9 n\u2019appr\u00e9cie pas les consignes qui lui sont donn\u00e9es. Le Fran\u00e7ais n\u2019appr\u00e9cierait pas non plus ce poste d\u2019attaquant o\u00f9 Koeman souhaite l\u2019installer.<span class=\"Apple-converted-space\">\u00a0<\/span><\/span><\/p>\n<p class=\"p1 c3\"><span class=\"c2\">La conclusion de Sport laisse donc penser \u00e0 une sorte de bras de fer entre l\u2019entraineur du Bar\u00e7a et la star fran\u00e7aise, qui pourrait se retrouver encore plus isol\u00e9e en Catalogne. La tendance est pourtant totalement diff\u00e9rente quand on \u00e9coute Mundo Deportivo ! Toujours ce samedi, l\u2019autre quotidien catalan assure en effet que Koeman appr\u00e9cie Griezmann et qu\u2019il souhaiterait simplement que son joueur se lib\u00e8re, pour enfin montrer toute l\u2019\u00e9tendue de son talent.<span class=\"Apple-converted-space\">\u00a0<\/span><\/span><\/p>\n<p>Auteur: letemps1<br \/>\n<a href=\"http:\/\/www.letemps.com.tn\/article\/117667\/apr%C3%A8s-messi-un-nouveau-probl%C3%A8me-pour-griezmann\">Cliquez ici pour lire l&rsquo;article depuis sa source.<\/a><\/p>\n","protected":false},"excerpt":{"rendered":"<p>Antoine Griezmann ne semble pas vraiment \u00eatre parti du bon pied avec Ronald Koeman, son nouvel entraineur au FC Barcelone.\u00a0 L\u2019aventure catalane d\u2019Antoine Griezmann a mal commenc\u00e9. Apr\u00e8s l\u2019avoir \u00e9conduit publiquement en 2018, dans une vid\u00e9o, le Champion du monde a rejoint le FC Barcelone un an apr\u00e8s en provenance de l\u2019Atl\u00e9tico de Madrid, pour [&hellip;]<\/p>\n","protected":false},"author":1773,"featured_media":0,"comment_status":"closed","ping_status":"closed","sticky":false,"template":"","format":"standard","meta":{"fifu_image_url":"","fifu_image_alt":"","footnotes":""},"categories":[73,55],"tags":[],"class_list":["post-102167","post","type-post","status-publish","format-standard","hentry","category-actualite","category-tunisie"],"_links":{"self":[{"href":"https:\/\/linitiative.ca\/International\/wp-json\/wp\/v2\/posts\/102167","targetHints":{"allow":["GET"]}}],"collection":[{"href":"https:\/\/linitiative.ca\/International\/wp-json\/wp\/v2\/posts"}],"about":[{"href":"https:\/\/linitiative.ca\/International\/wp-json\/wp\/v2\/types\/post"}],"author":[{"embeddable":true,"href":"https:\/\/linitiative.ca\/International\/wp-json\/wp\/v2\/users\/1773"}],"replies":[{"embeddable":true,"href":"https:\/\/linitiative.ca\/International\/wp-json\/wp\/v2\/comments?post=102167"}],"version-history":[{"count":0,"href":"https:\/\/linitiative.ca\/International\/wp-json\/wp\/v2\/posts\/102167\/revisions"}],"wp:attachment":[{"href":"https:\/\/linitiative.ca\/International\/wp-json\/wp\/v2\/media?parent=102167"}],"wp:term":[{"taxonomy":"category","embeddable":true,"href":"https:\/\/linitiative.ca\/International\/wp-json\/wp\/v2\/categories?post=102167"},{"taxonomy":"post_tag","embeddable":true,"href":"https:\/\/linitiative.ca\/International\/wp-json\/wp\/v2\/tags?post=102167"}],"curies":[{"name":"wp","href":"https:\/\/api.w.org\/{rel}","templated":true}]}}