{"id":102168,"date":"2020-10-19T12:00:00","date_gmt":"2020-10-19T16:00:00","guid":{"rendered":"https:\/\/linitiative.ca\/International\/la-premiere-tres-prometteuse-de-rafinha-au-psg\/"},"modified":"2020-10-19T12:00:00","modified_gmt":"2020-10-19T16:00:00","slug":"la-premiere-tres-prometteuse-de-rafinha-au-psg","status":"publish","type":"post","link":"https:\/\/linitiative.ca\/International\/la-premiere-tres-prometteuse-de-rafinha-au-psg\/","title":{"rendered":"La premi\u00e8re tr\u00e8s prometteuse de Rafinha au PSG"},"content":{"rendered":"<p class=\"p1 c3\"><span class=\"c2\">Titulaire pour sa premi\u00e8re apparition avec le PSG, le milieu br\u00e9silien Rafinha a impressionn\u00e9 contre N\u00eemes. Une bonne nouvelle pour les supporters et Thomas Tuchel, l&rsquo;entra\u00eeneur du club de la capitale.<\/span><\/p>\n<p class=\"p1 c3\"><span class=\"c2\">Un cadeau de derni\u00e8re minute. Dans les derni\u00e8res heures du mercato estival, le Paris Saint-Germain a mis la main, \u00e0 la surprise g\u00e9n\u00e9rale, sur le joueur du FC Barcelone Rafinha, lib\u00e9r\u00e9 par le club catalan. Un renfort en plus pour Thomas Tuchel donc, qui avait d\u00e9j\u00e0 accueilli Danilo Pereira au milieu, et Moise Kean devant.<\/span><\/p>\n<p class=\"p1 c3\"><span class=\"c2\">Les grands d\u00e9buts du milieu br\u00e9silien \u00e9taient donc attendus, et ce dernier a \u00e9t\u00e9 lanc\u00e9 en Ligue 1 vendredi soir au Stade des Costi\u00e8res, lors du match contre le N\u00eemes Olympique (4-0). Pr\u00e9sent dans le onze de d\u00e9part de Thomas Tuchel, le joueur de 27 ans a rapidement montr\u00e9 ce qu&rsquo;il savait faire, lui qui a aussi provoqu\u00e9 l&rsquo;expulsion de Lo\u00efck Landre (pied haut, 12e).<\/span><\/p>\n<p class=\"p2 c4\">\u00a0<\/p>\n<p class=\"p3 c5\"><strong><span class=\"c2\">Tuchel s\u00e9duit par le Br\u00e9silien<\/span><\/strong><\/p>\n<p class=\"p1 c3\"><span class=\"c2\">Tr\u00e8s disponible dans l&rsquo;entrejeu, Rafinha a beaucoup couru pour gratter des ballons et surtout servir ses co\u00e9quipiers, et notamment Kylian Mbapp\u00e9 avec une magnifique ouverture sur le premier but parisien (32e). S\u00e9duisant, le Br\u00e9silien a fait forte impression pour sa grande premi\u00e8re sous le maillot parisien. Et Thomas Tuchel a forc\u00e9ment fait l&rsquo;\u00e9loge de son joueur apr\u00e8s le match.<\/span><\/p>\n<p class=\"p1 c3\"><span class=\"c2\">\u00abIls ont tr\u00e8s bien fait. C&rsquo;\u00e9tait leur premier match pour nous, ce n&rsquo;\u00e9tait pas facile mais Rafinha a montr\u00e9 qu&rsquo;il \u00e9tait un joueur courageux. Il trouve des solutions, il est confiant avec le ballon et il est costaud. Il s&rsquo;est battu\u00bb, a d\u00e9clar\u00e9 le coach allemand au moment de parler de ses recrues Rafinha et Moise Kean. Technique, vista, g\u00e9n\u00e9rosit\u00e9&#8230; L&rsquo;ancien joueur du Bar\u00e7a n&rsquo;a clairement pas rat\u00e9 sa premi\u00e8re.<\/span><\/p>\n<p>Auteur: letemps1<br \/>\n<a href=\"http:\/\/www.letemps.com.tn\/article\/117668\/la-premi%C3%A8re-tr%C3%A8s-prometteuse-de-rafinha-au-psg\">Cliquez ici pour lire l&rsquo;article depuis sa source.<\/a><\/p>\n","protected":false},"excerpt":{"rendered":"<p>Titulaire pour sa premi\u00e8re apparition avec le PSG, le milieu br\u00e9silien Rafinha a impressionn\u00e9 contre N\u00eemes. Une bonne nouvelle pour les supporters et Thomas Tuchel, l&rsquo;entra\u00eeneur du club de la capitale. Un cadeau de derni\u00e8re minute. Dans les derni\u00e8res heures du mercato estival, le Paris Saint-Germain a mis la main, \u00e0 la surprise g\u00e9n\u00e9rale, sur [&hellip;]<\/p>\n","protected":false},"author":1773,"featured_media":0,"comment_status":"closed","ping_status":"closed","sticky":false,"template":"","format":"standard","meta":{"fifu_image_url":"","fifu_image_alt":"","footnotes":""},"categories":[73,55],"tags":[],"class_list":["post-102168","post","type-post","status-publish","format-standard","hentry","category-actualite","category-tunisie"],"_links":{"self":[{"href":"https:\/\/linitiative.ca\/International\/wp-json\/wp\/v2\/posts\/102168","targetHints":{"allow":["GET"]}}],"collection":[{"href":"https:\/\/linitiative.ca\/International\/wp-json\/wp\/v2\/posts"}],"about":[{"href":"https:\/\/linitiative.ca\/International\/wp-json\/wp\/v2\/types\/post"}],"author":[{"embeddable":true,"href":"https:\/\/linitiative.ca\/International\/wp-json\/wp\/v2\/users\/1773"}],"replies":[{"embeddable":true,"href":"https:\/\/linitiative.ca\/International\/wp-json\/wp\/v2\/comments?post=102168"}],"version-history":[{"count":0,"href":"https:\/\/linitiative.ca\/International\/wp-json\/wp\/v2\/posts\/102168\/revisions"}],"wp:attachment":[{"href":"https:\/\/linitiative.ca\/International\/wp-json\/wp\/v2\/media?parent=102168"}],"wp:term":[{"taxonomy":"category","embeddable":true,"href":"https:\/\/linitiative.ca\/International\/wp-json\/wp\/v2\/categories?post=102168"},{"taxonomy":"post_tag","embeddable":true,"href":"https:\/\/linitiative.ca\/International\/wp-json\/wp\/v2\/tags?post=102168"}],"curies":[{"name":"wp","href":"https:\/\/api.w.org\/{rel}","templated":true}]}}