{"id":102169,"date":"2020-10-19T12:00:00","date_gmt":"2020-10-19T16:00:00","guid":{"rendered":"https:\/\/linitiative.ca\/International\/kondogbia-lourdement-sanctionne-par-valence\/"},"modified":"2020-10-19T12:00:00","modified_gmt":"2020-10-19T16:00:00","slug":"kondogbia-lourdement-sanctionne-par-valence","status":"publish","type":"post","link":"https:\/\/linitiative.ca\/International\/kondogbia-lourdement-sanctionne-par-valence\/","title":{"rendered":"Kondogbia lourdement  sanctionn\u00e9 par Valence ?"},"content":{"rendered":"<p class=\"p1 c3\"><span class=\"c2\">Dans un message publi\u00e9 sur Instagram, Geoffrey Kondogbia s\u2019en est pris violemment \u00e0 son pr\u00e9sident, Anil Murthy. Et forc\u00e9ment, Valence ne compte pas en rester l\u00e0\u2026<\/span><\/p>\n<p class=\"p1 c3\"><span class=\"c2\">\u00abApr\u00e8s avoir d\u00e9truit un projet ambitieux, tu t\u2019es aussi permis de tromper ton entra\u00eeneur et maintenant moi\u00bb. Dans une story publi\u00e9e sur Instagram jeudi, Geoffrey Kondogbia n\u2019est pas pass\u00e9 par quatre chemins pour dire tout le mal qu\u2019il pensait de son pr\u00e9sident Anil Murthy et de sa gestion catastrophique du club de Valence.<\/span><\/p>\n<p class=\"p2 c4\">\u00a0<\/p>\n<p class=\"p3 c5\"><strong><span class=\"c2\">Un transfert avort\u00e9 \u00e0 l\u2019Atl\u00e9tico<\/span><\/strong><\/p>\n<p class=\"p1 c3\"><span class=\"c2\">Il faut dire aussi que le milieu de terrain fran\u00e7ais, qui disposait d\u2019un bon de sortie cet \u00e9t\u00e9, a cru jusqu\u2019au 5 octobre dernier \u2013 date de la fermeture du march\u00e9 des transferts \u2013 pouvoir quitter les Blanquinegros pour rejoindre l\u2019Atl\u00e9tico de Madrid, en vain. Un transfert avort\u00e9 qui n\u2019a fait que accro\u00eetre la col\u00e8re de l\u2019ancien Mon\u00e9gasque.<\/span><\/p>\n<p class=\"p2 c4\">\u00a0<\/p>\n<p class=\"p3 c5\"><strong><span class=\"c2\">Le club va s\u00e9vir en interne<\/span><\/strong><\/p>\n<p class=\"p1 c3\"><span class=\"c2\">Un comportement qui risque n\u00e9anmoins de lui co\u00fbter cher. En effet, selon l\u2019agence espagnole EFE, Kondogbia va \u00eatre sanctionn\u00e9 par le club valencian pour avoir \u00abviol\u00e9 le code de conduite interne\u00bb et ne devrait pas \u00eatre vendu cet hiver. Les pensionnaires de Mestalla entendent bien \u00e9teindre en interne le d\u00e9but d\u2019incendie afin de passer rapidement \u00e0 autre chose. Pour rappel, Valence pointe actuellement \u00e0 la 8e place de la Liga avec 7 points au compteur.<\/span><\/p>\n<p>Auteur: letemps1<br \/>\n<a href=\"http:\/\/www.letemps.com.tn\/article\/117669\/kondogbia-lourdement-sanctionn%C3%A9-par-valence\">Cliquez ici pour lire l&rsquo;article depuis sa source.<\/a><\/p>\n","protected":false},"excerpt":{"rendered":"<p>Dans un message publi\u00e9 sur Instagram, Geoffrey Kondogbia s\u2019en est pris violemment \u00e0 son pr\u00e9sident, Anil Murthy. Et forc\u00e9ment, Valence ne compte pas en rester l\u00e0\u2026 \u00abApr\u00e8s avoir d\u00e9truit un projet ambitieux, tu t\u2019es aussi permis de tromper ton entra\u00eeneur et maintenant moi\u00bb. Dans une story publi\u00e9e sur Instagram jeudi, Geoffrey Kondogbia n\u2019est pas pass\u00e9 [&hellip;]<\/p>\n","protected":false},"author":1773,"featured_media":0,"comment_status":"closed","ping_status":"closed","sticky":false,"template":"","format":"standard","meta":{"fifu_image_url":"","fifu_image_alt":"","footnotes":""},"categories":[73,55],"tags":[],"class_list":["post-102169","post","type-post","status-publish","format-standard","hentry","category-actualite","category-tunisie"],"_links":{"self":[{"href":"https:\/\/linitiative.ca\/International\/wp-json\/wp\/v2\/posts\/102169","targetHints":{"allow":["GET"]}}],"collection":[{"href":"https:\/\/linitiative.ca\/International\/wp-json\/wp\/v2\/posts"}],"about":[{"href":"https:\/\/linitiative.ca\/International\/wp-json\/wp\/v2\/types\/post"}],"author":[{"embeddable":true,"href":"https:\/\/linitiative.ca\/International\/wp-json\/wp\/v2\/users\/1773"}],"replies":[{"embeddable":true,"href":"https:\/\/linitiative.ca\/International\/wp-json\/wp\/v2\/comments?post=102169"}],"version-history":[{"count":0,"href":"https:\/\/linitiative.ca\/International\/wp-json\/wp\/v2\/posts\/102169\/revisions"}],"wp:attachment":[{"href":"https:\/\/linitiative.ca\/International\/wp-json\/wp\/v2\/media?parent=102169"}],"wp:term":[{"taxonomy":"category","embeddable":true,"href":"https:\/\/linitiative.ca\/International\/wp-json\/wp\/v2\/categories?post=102169"},{"taxonomy":"post_tag","embeddable":true,"href":"https:\/\/linitiative.ca\/International\/wp-json\/wp\/v2\/tags?post=102169"}],"curies":[{"name":"wp","href":"https:\/\/api.w.org\/{rel}","templated":true}]}}