{"id":102170,"date":"2020-10-19T12:00:00","date_gmt":"2020-10-19T16:00:00","guid":{"rendered":"https:\/\/linitiative.ca\/International\/gareth-bale-apte-pour-le-derby-tottenham-west-ham\/"},"modified":"2020-10-19T12:00:00","modified_gmt":"2020-10-19T16:00:00","slug":"gareth-bale-apte-pour-le-derby-tottenham-west-ham","status":"publish","type":"post","link":"https:\/\/linitiative.ca\/International\/gareth-bale-apte-pour-le-derby-tottenham-west-ham\/","title":{"rendered":"Gareth Bale apte pour le derby Tottenham- West Ham"},"content":{"rendered":"<p class=\"p1 c3\"><span class=\"c2\">L&rsquo;ailier gallois devrait faire sa premi\u00e8re apparition avec les Spurs, ce week-end lors du duel contre West Ham.<\/span><\/p>\n<p class=\"p1 c3\"><span class=\"c2\">Gareth Bale fera \u00ab\u00a0probablement\u00a0\u00bb sa premi\u00e8re apparition depuis son retour \u00e0 Tottenham lors de l&rsquo;opposition contre West Ham dimanche. C&rsquo;est ce qu&rsquo;a r\u00e9v\u00e9l\u00e9 Jose Mourinho ce vendredi.<\/span><\/p>\n<p class=\"p1 c3\"><span class=\"c2\">Bale a rejoint les Spurs avec un pr\u00eat d&rsquo;une saison en septembre, apr\u00e8s \u00eatre parti en 2013 pour le Real Madrid lors d&rsquo;un transfert record. Une blessure au genou a jusqu&rsquo;\u00e0 pr\u00e9sent emp\u00each\u00e9 le gallois de jouer et, bien qu&rsquo;il ait donn\u00e9 des nouvelles rassurantes de son attaquant, le coach portugais n&rsquo;est pas cat\u00e9gorique sur le fait que l&rsquo;ancien merengue soit pr\u00e9sent contre les Hammers.<\/span><\/p>\n<p class=\"p2 c4\">\u00a0<\/p>\n<p class=\"p3 c5\"><strong><span class=\"c2\">Mourinho veut<span class=\"Apple-converted-space\">\u00a0<\/span><\/span><\/strong><\/p>\n<p class=\"p3 c5\"><strong><span class=\"c2\">que Bale se sente pr\u00eat<\/span><\/strong><\/p>\n<p class=\"p1 c3\"><span class=\"c2\">\u00ab\u00a0Bien s\u00fbr, il veut jouer. Il voulait jouer depuis le jour de son arriv\u00e9e mais ce n&rsquo;\u00e9tait pas possible, a d\u00e9clar\u00e9 Mourinho lors d&rsquo;une conf\u00e9rence de presse. Je ne vais pas vous dire s&rsquo;il va jouer ou non. Ce que je vais vous dire, c&rsquo;est qu&rsquo;il travaille tr\u00e8s bien. Il travaille comme il n&rsquo;a probablement pas pu le faire depuis un certain temps. La planification des sessions r\u00e9centes \u00e9tait tr\u00e8s concentr\u00e9e sur lui. Son \u00e9tat est bon. Joue-t-il dimanche ou jeudi, nous n&rsquo;avons pas encore pris de d\u00e9cision\u00a0\u00bb.<\/span><\/p>\n<p class=\"p1 c3\"><span class=\"c2\">\u00ab\u00a0Chaque joueur est un joueur tr\u00e8s important mais la situation de Gareth est tr\u00e8s sp\u00e9ciale en raison de son parcours. Nous nous soucions de lui autant que lui pour Tottenham, a ajout\u00e9 le Special One.<span class=\"Apple-converted-space\">\u00a0<\/span><\/span><\/p>\n<p class=\"p1 c3\"><span class=\"c2\">C&rsquo;est une question de forme physique. Il n&rsquo;a pas eu de pr\u00e9-saison et m\u00eame dans la p\u00e9riode qui a suivi le confinement, il n&rsquo;a pas beaucoup particip\u00e9 avec le Real Madrid, puis il joue quelques matches avec le Pays de Galles, s&rsquo;est bless\u00e9 l\u00e0-bas. Il ne s&rsquo;agit pas seulement de venir et d&rsquo;avoir besoin d&rsquo;une semaine de travail pour \u00eatre \u00e0 un niveau. C&rsquo;est plus global que cela et nous ne voulons pas qu&rsquo;il soit press\u00e9, nous voulons qu&rsquo;il soit \u00e0 l&rsquo;aise, nous voulons qu&rsquo;il prenne la d\u00e9cision lui-m\u00eame quand il sera d&rsquo;attaque\u00a0\u00bb.<\/span><\/p>\n<p>Auteur: letemps1<br \/>\n<a href=\"http:\/\/www.letemps.com.tn\/article\/117670\/gareth-bale-apte-pour-le-derby-tottenham-west-ham\">Cliquez ici pour lire l&rsquo;article depuis sa source.<\/a><\/p>\n","protected":false},"excerpt":{"rendered":"<p>L&rsquo;ailier gallois devrait faire sa premi\u00e8re apparition avec les Spurs, ce week-end lors du duel contre West Ham. Gareth Bale fera \u00ab\u00a0probablement\u00a0\u00bb sa premi\u00e8re apparition depuis son retour \u00e0 Tottenham lors de l&rsquo;opposition contre West Ham dimanche. C&rsquo;est ce qu&rsquo;a r\u00e9v\u00e9l\u00e9 Jose Mourinho ce vendredi. Bale a rejoint les Spurs avec un pr\u00eat d&rsquo;une saison [&hellip;]<\/p>\n","protected":false},"author":1773,"featured_media":0,"comment_status":"closed","ping_status":"closed","sticky":false,"template":"","format":"standard","meta":{"fifu_image_url":"","fifu_image_alt":"","footnotes":""},"categories":[73,55],"tags":[],"class_list":["post-102170","post","type-post","status-publish","format-standard","hentry","category-actualite","category-tunisie"],"_links":{"self":[{"href":"https:\/\/linitiative.ca\/International\/wp-json\/wp\/v2\/posts\/102170","targetHints":{"allow":["GET"]}}],"collection":[{"href":"https:\/\/linitiative.ca\/International\/wp-json\/wp\/v2\/posts"}],"about":[{"href":"https:\/\/linitiative.ca\/International\/wp-json\/wp\/v2\/types\/post"}],"author":[{"embeddable":true,"href":"https:\/\/linitiative.ca\/International\/wp-json\/wp\/v2\/users\/1773"}],"replies":[{"embeddable":true,"href":"https:\/\/linitiative.ca\/International\/wp-json\/wp\/v2\/comments?post=102170"}],"version-history":[{"count":0,"href":"https:\/\/linitiative.ca\/International\/wp-json\/wp\/v2\/posts\/102170\/revisions"}],"wp:attachment":[{"href":"https:\/\/linitiative.ca\/International\/wp-json\/wp\/v2\/media?parent=102170"}],"wp:term":[{"taxonomy":"category","embeddable":true,"href":"https:\/\/linitiative.ca\/International\/wp-json\/wp\/v2\/categories?post=102170"},{"taxonomy":"post_tag","embeddable":true,"href":"https:\/\/linitiative.ca\/International\/wp-json\/wp\/v2\/tags?post=102170"}],"curies":[{"name":"wp","href":"https:\/\/api.w.org\/{rel}","templated":true}]}}