{"id":102171,"date":"2020-10-19T12:00:00","date_gmt":"2020-10-19T16:00:00","guid":{"rendered":"https:\/\/linitiative.ca\/International\/valbuena-toujours-attache-a-lom\/"},"modified":"2020-10-19T12:00:00","modified_gmt":"2020-10-19T16:00:00","slug":"valbuena-toujours-attache-a-lom","status":"publish","type":"post","link":"https:\/\/linitiative.ca\/International\/valbuena-toujours-attache-a-lom\/","title":{"rendered":"Valbuena toujours \u00ab attach\u00e9 \u00bb \u00e0 l\u2019OM"},"content":{"rendered":"<p class=\"p1 c3\"><span class=\"c2\">L\u2019ancien international fran\u00e7ais Mathieu Valbuena vient de faire savoir qu\u2019il n\u2019a jamais voulu quitter l\u2019Olympique de Marseille.<\/span><\/p>\n<p class=\"p1 c3\"><span class=\"c2\">Mercredi soir, \u00e0 l\u2019occasion de la 1e journ\u00e9e de Ligue des Champions, l\u2019Olympique de Marseille se rend en Gr\u00e8ce pour affronter l\u2019Olympiakos. Cette rencontre sera sp\u00e9ciale pour un joueur en particulier, en l\u2019occurrence Mathieu Valbuena.<span class=\"Apple-converted-space\">\u00a0<\/span><\/span><\/p>\n<p class=\"p1 c3\"><span class=\"c2\">M\u00eame s\u2019il l\u2019a d\u00e9j\u00e0 fait quand il portait les couleurs de Lyon, l\u2019ex-international fran\u00e7ais va retrouver en tant qu\u2019adversaire le club dont il a port\u00e9 les couleurs depuis huit ans.<\/span><\/p>\n<p class=\"p1 c3\"><span class=\"c2\">Avant ce match, Valbuena s\u2019est confi\u00e9 \u00e0 l\u2019Equipe pour \u00e9voquer l\u2019affection qu\u2019il a toujours pour l\u2019\u00e9quipe phoc\u00e9enne. Six ans apr\u00e8s son d\u00e9part, il reconnait qu\u2019il n\u2019a jamais voulu quitter cette maison.<span class=\"Apple-converted-space\">\u00a0<\/span><\/span><\/p>\n<p class=\"p1 c3\"><span class=\"c2\">\u00ab Je m\u2019\u00e9tais attach\u00e9 \u00e0 ce club, \u00e0 des gens, \u00e0 des supporters. Mais l\u2019OM m\u2019a aussi pouss\u00e9 vers la sortie cet \u00e9t\u00e9-l\u00e0 : Labrune m\u2019appelait tous les jours pour me convaincre d\u2019accepter l\u2019offre du Dynamo Moscou, qui \u00e9tait int\u00e9ressante pour le club (\u2026) Bielsa voulait me garder mais comme je l\u2019ai dit : je crois que mon d\u00e9part arrangeait bien le club. \u00bb<\/span><\/p>\n<p class=\"p2 c4\">\u00a0<\/p>\n<p class=\"p3 c5\"><strong><span class=\"c2\">\u00ab J\u2019ai ressenti une peine \u00e9norme<span class=\"Apple-converted-space\">\u00a0<\/span><\/span><\/strong><\/p>\n<p class=\"p3 c5\"><strong><span class=\"c2\">au moment de partir \u00bb<\/span><\/strong><\/p>\n<p class=\"p1 c3\"><span class=\"c2\">\u00ab Le Petit V\u00e9lo \u00bb est aussi revenu sur l\u2019accueil houleux que lui ont r\u00e9serv\u00e9 les fans marseillais \u00e0 son retour au V\u00e9lodrome avec une autre tunique : \u00ab On va peut-\u00eatre me prendre pour un fou, pour un sado-maso, mais Marseille restera toujours dans mon coeur m\u00eame si ma derni\u00e8re au V\u00e9lodrome a \u00e9t\u00e9 tr\u00e8s dure avec cet accueil vraiment houleux. Mais l\u2019OM fait partie de ma vie \u00bb. Et \u00e0 ceux qui lui ont reproch\u00e9 d\u2019avoir fait du cin\u00e9ma lors de sa derni\u00e8re conf\u00e9rence de presse, il a aussi r\u00e9serv\u00e9 une r\u00e9ponse : \u00ab Certains supporters ont dit que j\u2019avais fait tout un flan pour partir, que j\u2019avais pleurnich\u00e9 lors de ma conf\u00e9rence de presse, mais je n\u2019ai pas jou\u00e9 un r\u00f4le. J\u2019ai vraiment ressenti une peine \u00e9norme \u00e0 l\u2019id\u00e9e de partir. \u00bb<\/span><\/p>\n<p class=\"p1 c3\"><span class=\"c2\">Enfin, Valbuena a indiqu\u00e9 qu\u2019apr\u00e8s son exp\u00e9rience \u00e0 Moscou sa principale priorit\u00e9 \u00e9tait de revenir \u00e0 Marseille, mais que la direction du club n\u2019a pas voulu de lui. \u00ab Je voulais revenir \u00e0 l\u2019OM, oui, mais je n\u2019ai pas senti un int\u00e9r\u00eat r\u00e9ciproque de la part des dirigeants de l\u2019\u00e9poque (Labrune). J\u2019\u00e9tais dans une situation o\u00f9 je devais partir de Russie \u00e0 cause des probl\u00e8mes financiers du club. Jean-Michel Aulas m\u2019a appel\u00e9\u2026 \u00bb<\/span><\/p>\n<p>Auteur: letemps1<br \/>\n<a href=\"http:\/\/www.letemps.com.tn\/article\/117671\/valbuena-toujours-%C2%AB-attach%C3%A9-%C2%BB-%C3%A0-l%E2%80%99om\">Cliquez ici pour lire l&rsquo;article depuis sa source.<\/a><\/p>\n","protected":false},"excerpt":{"rendered":"<p>L\u2019ancien international fran\u00e7ais Mathieu Valbuena vient de faire savoir qu\u2019il n\u2019a jamais voulu quitter l\u2019Olympique de Marseille. Mercredi soir, \u00e0 l\u2019occasion de la 1e journ\u00e9e de Ligue des Champions, l\u2019Olympique de Marseille se rend en Gr\u00e8ce pour affronter l\u2019Olympiakos. Cette rencontre sera sp\u00e9ciale pour un joueur en particulier, en l\u2019occurrence Mathieu Valbuena.\u00a0 M\u00eame s\u2019il l\u2019a [&hellip;]<\/p>\n","protected":false},"author":1773,"featured_media":0,"comment_status":"closed","ping_status":"closed","sticky":false,"template":"","format":"standard","meta":{"fifu_image_url":"","fifu_image_alt":"","footnotes":""},"categories":[73,55],"tags":[],"class_list":["post-102171","post","type-post","status-publish","format-standard","hentry","category-actualite","category-tunisie"],"_links":{"self":[{"href":"https:\/\/linitiative.ca\/International\/wp-json\/wp\/v2\/posts\/102171","targetHints":{"allow":["GET"]}}],"collection":[{"href":"https:\/\/linitiative.ca\/International\/wp-json\/wp\/v2\/posts"}],"about":[{"href":"https:\/\/linitiative.ca\/International\/wp-json\/wp\/v2\/types\/post"}],"author":[{"embeddable":true,"href":"https:\/\/linitiative.ca\/International\/wp-json\/wp\/v2\/users\/1773"}],"replies":[{"embeddable":true,"href":"https:\/\/linitiative.ca\/International\/wp-json\/wp\/v2\/comments?post=102171"}],"version-history":[{"count":0,"href":"https:\/\/linitiative.ca\/International\/wp-json\/wp\/v2\/posts\/102171\/revisions"}],"wp:attachment":[{"href":"https:\/\/linitiative.ca\/International\/wp-json\/wp\/v2\/media?parent=102171"}],"wp:term":[{"taxonomy":"category","embeddable":true,"href":"https:\/\/linitiative.ca\/International\/wp-json\/wp\/v2\/categories?post=102171"},{"taxonomy":"post_tag","embeddable":true,"href":"https:\/\/linitiative.ca\/International\/wp-json\/wp\/v2\/tags?post=102171"}],"curies":[{"name":"wp","href":"https:\/\/api.w.org\/{rel}","templated":true}]}}