{"id":102174,"date":"2020-10-19T15:13:30","date_gmt":"2020-10-19T19:13:30","guid":{"rendered":"https:\/\/linitiative.ca\/International\/international-real-zidane-a-secoue-ses-joueurs-avant-le-match-de-ligue-des-champions\/"},"modified":"2020-10-19T15:13:30","modified_gmt":"2020-10-19T19:13:30","slug":"international-real-zidane-a-secoue-ses-joueurs-avant-le-match-de-ligue-des-champions","status":"publish","type":"post","link":"https:\/\/linitiative.ca\/International\/international-real-zidane-a-secoue-ses-joueurs-avant-le-match-de-ligue-des-champions\/","title":{"rendered":"International : Real : Zidane a secou\u00e9 ses joueurs avant le match de Ligue des Champions"},"content":{"rendered":"<div readability=\"32\">\n<p>Auteur : <span class=\"time\">lundi 19 octobre 2020 12:06<\/span><\/p>\n<\/div>\n<div id=\"post_core\" readability=\"46\">\n<p>La triste surprise du Real Madrid ce week-end en Liga face au promu Cadix (0-1) a eu un effet imm\u00e9diat dans le vestiaire merengue puisque c&rsquo;est une r\u00e9union de crise qui s&rsquo;est mont\u00e9e en urgence, \u00e0 l&rsquo;initiative de Zin\u00e9dine Zidane. Le technicien fran\u00e7ais voulait faire passer un message fort \u00e0 ses joueurs avant le retour de la Ligue des champions mercredi face au\u00a0Chakhtior Donetsk, et le Clasico face au Bar\u00e7a qui se profile samedi prochain comme l&rsquo;indique Bfmtv.<\/p>\n<p>Selon le quotidien espagnol Marca, deux mots sont revenus avec insistance au cours de l&rsquo;allocution de \u00ab\u00a0ZZ\u00a0\u00bb: \u00ab\u00a0intensit\u00e9\u00a0\u00bb et \u00ab\u00a0attitude\u00a0\u00bb. Deux \u00e9l\u00e9ments qui ont cruellement manqu\u00e9 aux joueurs madril\u00e8nes samedi, et qui avaient d\u00e9j\u00e0 \u00e9t\u00e9 soulign\u00e9s par le Fran\u00e7ais en conf\u00e9rence de presse d&rsquo;apr\u00e8s-match. \u00ab\u00a0Retrouver un esprit guerrier\u00a0\u00bb et une \u00ab\u00a0unit\u00e9\u00a0\u00bb ont \u00e9galement fait partie des \u00e9l\u00e9ments de langage qui sont revenus avec insistance. Le capitaine Sergio Ramos mais aussi Luka Modric et Toni Kroos ont ensuite pris la parole pour r\u00e9affirmer le m\u00eame message que leur coach.<\/p>\n<p><strong>Publi\u00e9 dans :<\/strong> <span>real madrid<\/span><\/p>\n<\/div>\n<p>Auteur:<br \/>\n<a href=\"http:\/\/www.lebuteur.com\/article\/detail?titre=real-zidane-a-secoue-ses-joueurs-avant-le-match-de-ligue-des-champions&#038;id=97668&#038;utm_source=feedburner&#038;utm_medium=feed&#038;utm_campaign=Feed%3A+GalerieFArtciles+%28Les+derniers+articles++-+lebuteur.com%29\">Cliquez ici pour lire l&rsquo;article depuis sa source.<\/a><\/p>\n","protected":false},"excerpt":{"rendered":"<p>Auteur : lundi 19 octobre 2020 12:06 La triste surprise du Real Madrid ce week-end en Liga face au promu Cadix (0-1) a eu un effet imm\u00e9diat dans le vestiaire merengue puisque c&rsquo;est une r\u00e9union de crise qui s&rsquo;est mont\u00e9e en urgence, \u00e0 l&rsquo;initiative de Zin\u00e9dine Zidane. Le technicien fran\u00e7ais voulait faire passer un message [&hellip;]<\/p>\n","protected":false},"author":1738,"featured_media":102175,"comment_status":"closed","ping_status":"closed","sticky":false,"template":"","format":"standard","meta":{"fifu_image_url":"","fifu_image_alt":"","footnotes":""},"categories":[53,75],"tags":[],"class_list":["post-102174","post","type-post","status-publish","format-standard","has-post-thumbnail","hentry","category-algerie","category-sport"],"_links":{"self":[{"href":"https:\/\/linitiative.ca\/International\/wp-json\/wp\/v2\/posts\/102174","targetHints":{"allow":["GET"]}}],"collection":[{"href":"https:\/\/linitiative.ca\/International\/wp-json\/wp\/v2\/posts"}],"about":[{"href":"https:\/\/linitiative.ca\/International\/wp-json\/wp\/v2\/types\/post"}],"author":[{"embeddable":true,"href":"https:\/\/linitiative.ca\/International\/wp-json\/wp\/v2\/users\/1738"}],"replies":[{"embeddable":true,"href":"https:\/\/linitiative.ca\/International\/wp-json\/wp\/v2\/comments?post=102174"}],"version-history":[{"count":0,"href":"https:\/\/linitiative.ca\/International\/wp-json\/wp\/v2\/posts\/102174\/revisions"}],"wp:featuredmedia":[{"embeddable":true,"href":"https:\/\/linitiative.ca\/International\/wp-json\/"}],"wp:attachment":[{"href":"https:\/\/linitiative.ca\/International\/wp-json\/wp\/v2\/media?parent=102174"}],"wp:term":[{"taxonomy":"category","embeddable":true,"href":"https:\/\/linitiative.ca\/International\/wp-json\/wp\/v2\/categories?post=102174"},{"taxonomy":"post_tag","embeddable":true,"href":"https:\/\/linitiative.ca\/International\/wp-json\/wp\/v2\/tags?post=102174"}],"curies":[{"name":"wp","href":"https:\/\/api.w.org\/{rel}","templated":true}]}}