{"id":102182,"date":"2020-10-18T20:00:00","date_gmt":"2020-10-19T00:00:00","guid":{"rendered":"https:\/\/linitiative.ca\/International\/onjsa-rencontre-debat-avec-la-presse-nationale\/"},"modified":"2020-10-18T20:00:00","modified_gmt":"2020-10-19T00:00:00","slug":"onjsa-rencontre-debat-avec-la-presse-nationale","status":"publish","type":"post","link":"https:\/\/linitiative.ca\/International\/onjsa-rencontre-debat-avec-la-presse-nationale\/","title":{"rendered":"ONJSA : rencontre-d\u00e9bat avec la presse nationale"},"content":{"rendered":"<div class=\"TxArtcile\" readability=\"22\">\n<p>Le projet d\u2019amendement de la Constitution sera, mardi prochain (14 h) \u00e0 Alger, au menu d&rsquo;une conf\u00e9rence-d\u00e9bat initi\u00e9e par l&rsquo;Organisation nationale des journalistes sportifs alg\u00e9riens (ONJSA), a-t-on appris samedi aupr\u00e8s des organisateurs.<br \/>Inscrite dans le cadre des activit\u00e9s p\u00e9riodiques de l&rsquo;organisation, cette rencontre est la seconde du genre, apr\u00e8s celle tenue en mars dernier, au cours de laquelle la famille de la presse a \u00e9t\u00e9 invit\u00e9e \u00e0 s&rsquo;organiser pour contribuer au d\u00e9bat et \u00e0 l&rsquo;enrichissement de la premi\u00e8re mouture de la Constitution.<br \/>Le rendez-vous de mardi, auquel le ministre de la Communication, porte-parole du Gouvernement, Amar Belhimer, a \u00e9t\u00e9 invit\u00e9, se d\u00e9roulera sous le th\u00e8me \u00abLa place de la presse dans le projet de r\u00e9vision de la Constitution\u00bb, en pr\u00e9sence d&rsquo;experts et de sp\u00e9cialistes.<\/p>\n<\/div>\n<div class=\"ModliArtilUne\">\n<ul>\n<li><strong>Publi\u00e9 dans :<\/strong><\/li>\n<\/ul>\n<\/div>\n<div class=\"MbComIns\" id=\"newcom\" readability=\"5.6940298507463\">\n<h6>DONNEZ VOTRE AVIS<\/h6>\n<p>Il n&rsquo;y a actuellement aucune r\u00e9action \u00e0 cette information. Soyez le premier \u00e0 r\u00e9agir !<\/p>\n<p><a href=\"\" rel=\"#popup\" class=\"login resetbutton\">Identifiez-vous<\/a><a class=\"button\" href=\"https:\/\/elmoudjahid.com\/fr\/inscription\/\"><span>S&rsquo;inscrire<\/span><\/a><\/p>\n<\/div>\n<p>Auteur: elmoudjahid<br \/>\n<a href=\"http:\/\/www.elmoudjahid.com\/fr\/actualites\/160719\">Cliquez ici pour lire l&rsquo;article depuis sa source.<\/a><\/p>\n","protected":false},"excerpt":{"rendered":"<p>Le projet d\u2019amendement de la Constitution sera, mardi prochain (14 h) \u00e0 Alger, au menu d&rsquo;une conf\u00e9rence-d\u00e9bat initi\u00e9e par l&rsquo;Organisation nationale des journalistes sportifs alg\u00e9riens (ONJSA), a-t-on appris samedi aupr\u00e8s des organisateurs.Inscrite dans le cadre des activit\u00e9s p\u00e9riodiques de l&rsquo;organisation, cette rencontre est la seconde du genre, apr\u00e8s celle tenue en mars dernier, au cours [&hellip;]<\/p>\n","protected":false},"author":1744,"featured_media":0,"comment_status":"closed","ping_status":"closed","sticky":false,"template":"","format":"standard","meta":{"fifu_image_url":"","fifu_image_alt":"","footnotes":""},"categories":[73,53],"tags":[],"class_list":["post-102182","post","type-post","status-publish","format-standard","hentry","category-actualite","category-algerie"],"_links":{"self":[{"href":"https:\/\/linitiative.ca\/International\/wp-json\/wp\/v2\/posts\/102182","targetHints":{"allow":["GET"]}}],"collection":[{"href":"https:\/\/linitiative.ca\/International\/wp-json\/wp\/v2\/posts"}],"about":[{"href":"https:\/\/linitiative.ca\/International\/wp-json\/wp\/v2\/types\/post"}],"author":[{"embeddable":true,"href":"https:\/\/linitiative.ca\/International\/wp-json\/wp\/v2\/users\/1744"}],"replies":[{"embeddable":true,"href":"https:\/\/linitiative.ca\/International\/wp-json\/wp\/v2\/comments?post=102182"}],"version-history":[{"count":0,"href":"https:\/\/linitiative.ca\/International\/wp-json\/wp\/v2\/posts\/102182\/revisions"}],"wp:attachment":[{"href":"https:\/\/linitiative.ca\/International\/wp-json\/wp\/v2\/media?parent=102182"}],"wp:term":[{"taxonomy":"category","embeddable":true,"href":"https:\/\/linitiative.ca\/International\/wp-json\/wp\/v2\/categories?post=102182"},{"taxonomy":"post_tag","embeddable":true,"href":"https:\/\/linitiative.ca\/International\/wp-json\/wp\/v2\/tags?post=102182"}],"curies":[{"name":"wp","href":"https:\/\/api.w.org\/{rel}","templated":true}]}}