{"id":102185,"date":"2020-10-18T20:00:00","date_gmt":"2020-10-19T00:00:00","guid":{"rendered":"https:\/\/linitiative.ca\/International\/ahmed-idaber-amenokal-de-lahaggar-le-oui-est-une-garantie-des-droits-et-du-developpement\/"},"modified":"2020-10-18T20:00:00","modified_gmt":"2020-10-19T00:00:00","slug":"ahmed-idaber-amenokal-de-lahaggar-le-oui-est-une-garantie-des-droits-et-du-developpement","status":"publish","type":"post","link":"https:\/\/linitiative.ca\/International\/ahmed-idaber-amenokal-de-lahaggar-le-oui-est-une-garantie-des-droits-et-du-developpement\/","title":{"rendered":"Ahmed Idaber, Amenokal de l\u2019Ahaggar : \u00abLe Oui est une garantie des droits et du d\u00e9veloppement\u00bb"},"content":{"rendered":"<div class=\"TxArtcile\" readability=\"36\">\n<p>L\u2019Amenokal de l\u2019Ahaggar Ahmed Idaber a estim\u00e9, hier \u00e0 Tamanrasset, que le vote \u00aboui\u00bb, lors du r\u00e9f\u00e9rendum sur le projet d\u2019amendement de la Constitution, constituait une garantie des droits et du d\u00e9veloppement.<br \/>S\u2019exprimant, lors d\u2019un meeting populaire, en pr\u00e9sence des notables de la r\u00e9gion et de citoyens, dans le cadre de la campagne r\u00e9f\u00e9rendaire, M. Idaber a affirm\u00e9 que le vote favorable concernant le projet d\u2019amendement de la Constitution, soumis \u00e0 r\u00e9f\u00e9rendum le 1er novembre prochain, constitue \u00abune garantie des droits des citoyens et du d\u00e9veloppement auquel aspire la population de la r\u00e9gion\u00bb.<br \/>Pour l\u2019Amenokal de l\u2019Ahaggar, les habitants de la r\u00e9gion attendent, \u00e0 travers le projet d\u2019amendement de la Constitution, la concr\u00e9tisation du \u00abchangement escompt\u00e9\u00bb, de sorte \u00e0 r\u00e9pondre \u00e0 leurs attentes et \u00e0 r\u00e9aliser davantage d\u2019acquis en mati\u00e8re de d\u00e9veloppement.<br \/>L\u2019\u00c9tat accorde une grande importance \u00e0 cette r\u00e9gion du Grand Sud, a-t-il soulign\u00e9, en ajoutant que ses habitants \u00abseront toujours au rendez-vous des \u00e9v\u00e8nements nationaux d\u00e9cisifs\u00bb. Consid\u00e9rant le peuple comme le fondement de l\u2019\u00e9dification de \u00abl\u2019Alg\u00e9rie Nouvelle\u00bb dont il (peuple) aspire, notamment sa composante juv\u00e9nile, M. Idaber a appel\u00e9, \u00e0 cette occasion, \u00e0 \u00abdonner l\u2019opportunit\u00e9 aux jeunes cadres de la r\u00e9gion d\u2019acc\u00e9der \u00e0 de hautes fonctions de l\u2019\u00c9tat\u00bb. L\u2019Amenokal appellera \u00e9galement tout un chacun \u00e0 \u0153uvrer \u00e0 la persuasion des siens \u00e0 participer \u00aben force\u00bb au r\u00e9f\u00e9rendum sur le projet d\u2019amendement de la Constitution qui, dit-il, consacre plusieurs questions, au double plan individuel et collectif.<br \/>Pour leur part, des participants \u00e0 ce meeting populaire, tenu \u00e0 la maison de la Culture, ont valoris\u00e9 le contenu du projet d\u2019amendement constitutionnel relatif \u00e0 la nouvelle approche relative \u00e0 la promotion du r\u00f4le du mouvement associatif et l\u2019encouragement de sa participation \u00e0 la prise de d\u00e9cision \u00e0 diff\u00e9rents niveaux.<\/p>\n<\/div>\n<div class=\"ModliArtilUne\">\n<ul>\n<li><strong>Publi\u00e9 dans :<\/strong><\/li>\n<\/ul>\n<\/div>\n<div class=\"MbComIns\" id=\"newcom\" readability=\"5.6940298507463\">\n<h6>DONNEZ VOTRE AVIS<\/h6>\n<p>Il n&rsquo;y a actuellement aucune r\u00e9action \u00e0 cette information. Soyez le premier \u00e0 r\u00e9agir !<\/p>\n<p><a href=\"\" rel=\"#popup\" class=\"login resetbutton\">Identifiez-vous<\/a><a class=\"button\" href=\"https:\/\/elmoudjahid.com\/fr\/inscription\/\"><span>S&rsquo;inscrire<\/span><\/a><\/p>\n<\/div>\n<p>Auteur: elmoudjahid<br \/>\n<a href=\"http:\/\/www.elmoudjahid.com\/fr\/actualites\/160722\">Cliquez ici pour lire l&rsquo;article depuis sa source.<\/a><\/p>\n","protected":false},"excerpt":{"rendered":"<p>L\u2019Amenokal de l\u2019Ahaggar Ahmed Idaber a estim\u00e9, hier \u00e0 Tamanrasset, que le vote \u00aboui\u00bb, lors du r\u00e9f\u00e9rendum sur le projet d\u2019amendement de la Constitution, constituait une garantie des droits et du d\u00e9veloppement.S\u2019exprimant, lors d\u2019un meeting populaire, en pr\u00e9sence des notables de la r\u00e9gion et de citoyens, dans le cadre de la campagne r\u00e9f\u00e9rendaire, M. Idaber [&hellip;]<\/p>\n","protected":false},"author":1744,"featured_media":0,"comment_status":"closed","ping_status":"closed","sticky":false,"template":"","format":"standard","meta":{"fifu_image_url":"","fifu_image_alt":"","footnotes":""},"categories":[73,53],"tags":[],"class_list":["post-102185","post","type-post","status-publish","format-standard","hentry","category-actualite","category-algerie"],"_links":{"self":[{"href":"https:\/\/linitiative.ca\/International\/wp-json\/wp\/v2\/posts\/102185","targetHints":{"allow":["GET"]}}],"collection":[{"href":"https:\/\/linitiative.ca\/International\/wp-json\/wp\/v2\/posts"}],"about":[{"href":"https:\/\/linitiative.ca\/International\/wp-json\/wp\/v2\/types\/post"}],"author":[{"embeddable":true,"href":"https:\/\/linitiative.ca\/International\/wp-json\/wp\/v2\/users\/1744"}],"replies":[{"embeddable":true,"href":"https:\/\/linitiative.ca\/International\/wp-json\/wp\/v2\/comments?post=102185"}],"version-history":[{"count":0,"href":"https:\/\/linitiative.ca\/International\/wp-json\/wp\/v2\/posts\/102185\/revisions"}],"wp:attachment":[{"href":"https:\/\/linitiative.ca\/International\/wp-json\/wp\/v2\/media?parent=102185"}],"wp:term":[{"taxonomy":"category","embeddable":true,"href":"https:\/\/linitiative.ca\/International\/wp-json\/wp\/v2\/categories?post=102185"},{"taxonomy":"post_tag","embeddable":true,"href":"https:\/\/linitiative.ca\/International\/wp-json\/wp\/v2\/tags?post=102185"}],"curies":[{"name":"wp","href":"https:\/\/api.w.org\/{rel}","templated":true}]}}