{"id":102186,"date":"2020-10-18T20:00:00","date_gmt":"2020-10-19T00:00:00","guid":{"rendered":"https:\/\/linitiative.ca\/International\/football-les-verts-tres-sollicites\/"},"modified":"2020-10-18T20:00:00","modified_gmt":"2020-10-19T00:00:00","slug":"football-les-verts-tres-sollicites","status":"publish","type":"post","link":"https:\/\/linitiative.ca\/International\/football-les-verts-tres-sollicites\/","title":{"rendered":"Football : les verts tr\u00e8s sollicit\u00e9s"},"content":{"rendered":"<p><strong>Gr\u00e2ce \u00e0 son titre de championne d\u2019Afrique et ses performances post CAN-2019, l\u2019\u00e9quipe nationale compte aujourd\u2019hui sur la sc\u00e8ne internationale. Preuve en est, elle est sollicit\u00e9e de partout pour des joutes amicales. Il y a du monde, et pas n\u2019importe qui, au portillon des Verts.<\/strong><\/p>\n<p>L\u2019EN est tr\u00e8s sollicit\u00e9e sur la sc\u00e8ne internationale pour des matches amicaux, de l\u2019aveu m\u00eame du pr\u00e9sident de la F\u00e9d\u00e9ration, Kheireddine Zetchi et du responsable m\u00e9dias de la FAF. Ces deux derniers nous ont appris r\u00e9cemment que plusieurs f\u00e9d\u00e9rations ont postul\u00e9 pour l\u2019organisation de matches amicaux face aux Verts.<br \/>Au moins cinq s\u00e9lections, et non des moindres, ont \u00e9mis le v\u0153u de d\u00e9fier la bande \u00e0 Belmadi, auteure d\u2019un parcours exceptionnel de vingt matches sans la moindre d\u00e9faite. Parmi ce beau monde, l\u2019on a cit\u00e9 la Belgique, l\u2019Italie, les Etats-Unis, la Croatie et le Japon. Ceci en plus des s\u00e9lections africaines, dont la C\u00f4te d\u2019Ivoire et le Cameroun.<br \/>D\u00e9j\u00e0 durant la fen\u00eatre FIFA de ce mois d\u2019octobre, plusieurs \u00e9quipes nationales ont demand\u00e9 \u00e0 affronter les Verts, mais la FAF a d\u00fb d\u00e9cliner devant l\u2019insistance du s\u00e9lectionneur national, Djamel Belmadi, \u00e0 affronter des profils bien pr\u00e9cis.<br \/>Finalement, le choix est tomb\u00e9 sur le Nigeria et le Mexique. Deux matches-tests de haute intensit\u00e9, tels que Belmadi les voulait ; ce dernier ayant dit clairement chercher \u00e0 confronter ses \u00e9quipes \u00e0 une grande adversit\u00e9.<br \/>Toutes ces sollicitations r\u00e9v\u00e8lent le standing atteint par l\u2019\u00e9quipe nationale sur la sc\u00e8ne internationale. Gr\u00e2ce \u00e0 son titre de champion d\u2019Afrique et ses r\u00e9centes prestations, l\u2019Alg\u00e9rie est devenue une \u00e9quipe crainte et respect\u00e9e.<br \/>D\u2019ailleurs, ces deux belles performances face au Nigeria (victoire 1-0) et le Mexique (2-2) devraient lui permettre de gagner quatre places au prochain classement FIFA du mois d\u2019octobre. Les Verts, 35e lors du classement du mois de septembre, devraient sauter \u00e0 la 31e place, selon les derni\u00e8res estimations.<br \/>Un bon qualitatif qui renseigne sur l\u2019aura de la bande \u00e0 Belmadi qui ne cesse de progresser et de surprendre depuis un peu plus de deux ans.<br \/>Amar B.<\/p>\n<p>\/\/\/\/\/\/\/\/\/\/\/\/\/\/\/\/\/\/\/\/\/\/\/\/\/\/\/\/\/\/\/\/\/\/\/\/\/\/\/<\/p>\n<p>Eliminatoires CAN-2021 et Mondial-2022<br \/><strong>Le calendrier de la s\u00e9lection nationale<\/strong><\/p>\n<p><strong>Calendrier de la s\u00e9lection nationale de football en \u00e9liminatoires de la Coupe d&rsquo;Afrique des nations CAN-2021, d\u00e9cal\u00e9e \u00e0 2022 et du Mondial-2022 :<\/strong><\/p>\n<p><strong>CAN-2021<\/strong><br \/>3e et 4e journ\u00e9es : 9-17 novembre 2020<br \/>5e et 6e journ\u00e9es : 22-30 mars 2021<\/p>\n<p><strong>Coupe du monde 2022<\/strong><br \/>1re et 2e journ\u00e9es : 31 mai-15 juin 2021<br \/>3e et 4e journ\u00e9es : 30 ao\u00fbt-7 septembre 2021<br \/>5e et 6e journ\u00e9es : 4-12 octobre 2021<br \/>Matchs barrages : 8-16 novembre 2021<\/p>\n<p>Auteur: elmoudjahid<br \/>\n<a href=\"http:\/\/www.elmoudjahid.com\/fr\/actualites\/160723\">Cliquez ici pour lire l&rsquo;article depuis sa source.<\/a><\/p>\n","protected":false},"excerpt":{"rendered":"<p>Gr\u00e2ce \u00e0 son titre de championne d\u2019Afrique et ses performances post CAN-2019, l\u2019\u00e9quipe nationale compte aujourd\u2019hui sur la sc\u00e8ne internationale. Preuve en est, elle est sollicit\u00e9e de partout pour des joutes amicales. Il y a du monde, et pas n\u2019importe qui, au portillon des Verts. L\u2019EN est tr\u00e8s sollicit\u00e9e sur la sc\u00e8ne internationale pour des [&hellip;]<\/p>\n","protected":false},"author":1744,"featured_media":0,"comment_status":"closed","ping_status":"closed","sticky":false,"template":"","format":"standard","meta":{"fifu_image_url":"","fifu_image_alt":"","footnotes":""},"categories":[73,53],"tags":[],"class_list":["post-102186","post","type-post","status-publish","format-standard","hentry","category-actualite","category-algerie"],"_links":{"self":[{"href":"https:\/\/linitiative.ca\/International\/wp-json\/wp\/v2\/posts\/102186","targetHints":{"allow":["GET"]}}],"collection":[{"href":"https:\/\/linitiative.ca\/International\/wp-json\/wp\/v2\/posts"}],"about":[{"href":"https:\/\/linitiative.ca\/International\/wp-json\/wp\/v2\/types\/post"}],"author":[{"embeddable":true,"href":"https:\/\/linitiative.ca\/International\/wp-json\/wp\/v2\/users\/1744"}],"replies":[{"embeddable":true,"href":"https:\/\/linitiative.ca\/International\/wp-json\/wp\/v2\/comments?post=102186"}],"version-history":[{"count":0,"href":"https:\/\/linitiative.ca\/International\/wp-json\/wp\/v2\/posts\/102186\/revisions"}],"wp:attachment":[{"href":"https:\/\/linitiative.ca\/International\/wp-json\/wp\/v2\/media?parent=102186"}],"wp:term":[{"taxonomy":"category","embeddable":true,"href":"https:\/\/linitiative.ca\/International\/wp-json\/wp\/v2\/categories?post=102186"},{"taxonomy":"post_tag","embeddable":true,"href":"https:\/\/linitiative.ca\/International\/wp-json\/wp\/v2\/tags?post=102186"}],"curies":[{"name":"wp","href":"https:\/\/api.w.org\/{rel}","templated":true}]}}