{"id":102187,"date":"2020-10-19T05:40:45","date_gmt":"2020-10-19T09:40:45","guid":{"rendered":"https:\/\/linitiative.ca\/International\/111347-cyclisme-coupe-d-afrique-une-tres-bonne-repetition-generale-pour-oran-avant-les-jm-2022\/"},"modified":"2020-10-19T05:40:45","modified_gmt":"2020-10-19T09:40:45","slug":"111347-cyclisme-coupe-d-afrique-une-tres-bonne-repetition-generale-pour-oran-avant-les-jm-2022","status":"publish","type":"post","link":"https:\/\/linitiative.ca\/International\/111347-cyclisme-coupe-d-afrique-une-tres-bonne-repetition-generale-pour-oran-avant-les-jm-2022\/","title":{"rendered":"Cyclisme-CAN: une tr\u00e8s bonne r\u00e9p\u00e9tition g\u00e9n\u00e9rale pour Oran avant les JM-2022"},"content":{"rendered":"<div readability=\"38\">\n<p><strong>ORAN &#8211; La Coupe d\u2019Afrique des nations de cyclisme, pr\u00e9vue \u00e0 Oran en septembre 2021, devrait constituer une occasion pour la ville afin de pr\u00e9parer l\u2019organisation de la 19e \u00e9dition des Jeux m\u00e9diterran\u00e9ens (JM) qu\u2019elle va abriter du 25 juin au 5 juillet 2022, ont conclu les responsables concern\u00e9s lors d\u2019une r\u00e9union tenue dimanche \u00e0 Oran.<\/strong><\/p>\n<\/div>\n<div readability=\"68.097582417582\">\n<p>Le dossier de cette \u00e9preuve a \u00e9t\u00e9 pass\u00e9 en revue \u00e0 l\u2019occasion de ce conclave initi\u00e9 par le Comit\u00e9 d\u2019organisation des JM (COJM) avec le Comit\u00e9 olympique et sportif alg\u00e9rien (COA) en pr\u00e9sence, entre autres, du pr\u00e9sident de la F\u00e9d\u00e9ration alg\u00e9rienne du cyclisme (FAC), a annonc\u00e9 cette instance dans un communiqu\u00e9 publi\u00e9 sur sa page officielle Facebook.<\/p>\n<blockquote readability=\"13\">\n<p><em><strong>\u00ab\u00a0La pr\u00e9paration des \u00e9preuves de cyclisme des Jeux m\u00e9diterran\u00e9ens-2022 \u00e0 Oran ont \u00e9t\u00e9 au centre d\u2019une r\u00e9union qui a regroup\u00e9 dimanche dans la capitale de l\u2019Ouest du pays, MM. Abderahmane Hammad, Salim Iles et Khe\u00efredine Barbari, respectivement pr\u00e9sident du COA, directeur g\u00e9n\u00e9ral du COJM et pr\u00e9sident de la FAC\u00a0\u00bb, lit-on dans ce communiqu\u00e9.<\/strong><\/em><\/p>\n<\/blockquote>\n<p>Et d\u2019ajouter : \u00ab\u00a0Cette s\u00e9ance de travail a \u00e9t\u00e9 l\u2019occasion pour M. Barbari de pr\u00e9senter le programme et les \u00e9preuves de la Coupe d\u2019Afrique des nations de cyclisme pr\u00e9vue au mois de septembre 2021. Il a \u00e9t\u00e9 question du parcours des courses qui concernent les dames et les messieurs lors de cette comp\u00e9tition test event\u00a0\u00bb.<\/p>\n<hr\/>\n<p>\u00a0<a href=\"http:\/\/www.aps.dz\/sport\/110985-jm-oran-2022-le-coa-et-le-cojm-collaborent-pour-assurer-la-presence-des-meilleurs-athletes\">JM ORAN-2022: le COA et le COJM collaborent pour assurer la pr\u00e9sence des meilleurs athl\u00e8tes<\/a><\/p>\n<hr\/>\n<p>La FAC a estim\u00e9, en outre, que \u00ab\u00a0le criterium sera le clou de cette comp\u00e9tition, puisque les coureurs passeront \u00e0 travers quelques grandes art\u00e8res de la ville, \u00e0 la grande joie des Oranais qui appr\u00e9cient beaucoup le cyclisme\u00a0\u00bb.<\/p>\n<blockquote readability=\"13\">\n<p><em><strong>La m\u00eame source a fait savoir, au passage, que \u00ab\u00a0les parcours de la Coupe d\u2019Afrique seront les m\u00eames retenus pour les \u00e9preuves des JM-2022\u00a0\u00bb, soulignant que les premiers responsables du COA, du COJM et de la FAC \u00ab\u00a0ont relev\u00e9 la sp\u00e9cificit\u00e9 des courses cyclistes de par l\u2019engouement qu\u2019elles suscitent, tout en insistant sur les mesures de s\u00e9curit\u00e9 sp\u00e9cifiques qu\u2019elles exigent\u00a0\u00bb.<\/strong><\/em><\/p>\n<\/blockquote>\n<p>Le cyclisme est aussi per\u00e7u par comme \u00ab\u00a0vecteur de tourisme\u00a0\u00bb, un autre aspect non n\u00e9gligeable abord\u00e9 lors de cette r\u00e9union pour souligner l\u2019importance de faire des courses de la \u00ab\u00a0petite reine\u00a0\u00bb de \u00ab\u00a0v\u00e9ritables f\u00eates avec des programmes \u00e0 m\u00eame de mettre en valeur la destination Alg\u00e9rie\u00a0\u00bb, a encore pr\u00e9cis\u00e9 la FAC, qui a \u00e9t\u00e9 rassur\u00e9e pour l\u2019occasion par le \u00ab\u00a0soutien du COA et du COJM pour la r\u00e9ussite de cette Coupe d\u2019Afrique qui regroupera l\u2019\u00e9lite continentale de cyclisme\u00a0\u00bb.<\/p>\n<\/div>\n<p>Auteur:<br \/>\n<a href=\"http:\/\/www.aps.dz\/sport\/111347-cyclisme-coupe-d-afrique-une-tres-bonne-repetition-generale-pour-oran-avant-les-jm-2022?utm_source=feedburner&#038;utm_medium=feed&#038;utm_campaign=Feed%3A+aps-sport+%28APS+-+SPORT%29\">Cliquez ici pour lire l&rsquo;article depuis sa source.<\/a><\/p>\n","protected":false},"excerpt":{"rendered":"<p>ORAN &#8211; La Coupe d\u2019Afrique des nations de cyclisme, pr\u00e9vue \u00e0 Oran en septembre 2021, devrait constituer une occasion pour la ville afin de pr\u00e9parer l\u2019organisation de la 19e \u00e9dition des Jeux m\u00e9diterran\u00e9ens (JM) qu\u2019elle va abriter du 25 juin au 5 juillet 2022, ont conclu les responsables concern\u00e9s lors d\u2019une r\u00e9union tenue dimanche \u00e0 [&hellip;]<\/p>\n","protected":false},"author":1790,"featured_media":0,"comment_status":"closed","ping_status":"closed","sticky":false,"template":"","format":"standard","meta":{"fifu_image_url":"","fifu_image_alt":"","footnotes":""},"categories":[53,75],"tags":[],"class_list":["post-102187","post","type-post","status-publish","format-standard","hentry","category-algerie","category-sport"],"_links":{"self":[{"href":"https:\/\/linitiative.ca\/International\/wp-json\/wp\/v2\/posts\/102187","targetHints":{"allow":["GET"]}}],"collection":[{"href":"https:\/\/linitiative.ca\/International\/wp-json\/wp\/v2\/posts"}],"about":[{"href":"https:\/\/linitiative.ca\/International\/wp-json\/wp\/v2\/types\/post"}],"author":[{"embeddable":true,"href":"https:\/\/linitiative.ca\/International\/wp-json\/wp\/v2\/users\/1790"}],"replies":[{"embeddable":true,"href":"https:\/\/linitiative.ca\/International\/wp-json\/wp\/v2\/comments?post=102187"}],"version-history":[{"count":0,"href":"https:\/\/linitiative.ca\/International\/wp-json\/wp\/v2\/posts\/102187\/revisions"}],"wp:attachment":[{"href":"https:\/\/linitiative.ca\/International\/wp-json\/wp\/v2\/media?parent=102187"}],"wp:term":[{"taxonomy":"category","embeddable":true,"href":"https:\/\/linitiative.ca\/International\/wp-json\/wp\/v2\/categories?post=102187"},{"taxonomy":"post_tag","embeddable":true,"href":"https:\/\/linitiative.ca\/International\/wp-json\/wp\/v2\/tags?post=102187"}],"curies":[{"name":"wp","href":"https:\/\/api.w.org\/{rel}","templated":true}]}}