{"id":102194,"date":"2020-10-19T11:25:00","date_gmt":"2020-10-19T15:25:00","guid":{"rendered":"https:\/\/linitiative.ca\/International\/enseignement-et-formation-superieure-vers-la-reconduction-de-lenseignement-a-distance\/"},"modified":"2020-10-19T11:25:00","modified_gmt":"2020-10-19T15:25:00","slug":"enseignement-et-formation-superieure-vers-la-reconduction-de-lenseignement-a-distance","status":"publish","type":"post","link":"https:\/\/linitiative.ca\/International\/enseignement-et-formation-superieure-vers-la-reconduction-de-lenseignement-a-distance\/","title":{"rendered":"ENSEIGNEMENT ET FORMATION SUPERIEURE : Vers la reconduction de l\u2019enseignement \u00e0 distance"},"content":{"rendered":"<p><br id=\"sep_para_1\" class=\"sep_para access\"\/><\/p>\n<div id=\"para_1\" class=\"para_39090760 resize\">\n<div class=\"texte access firstletter\">Lors de la rentr\u00e9e universitaire, les quelque 280.000 nouveaux bacheliers auraient du rejoindre les amphith\u00e9\u00e2tres des universit\u00e9s, mais, en raison de la persistance de la pand\u00e9mie du coronavirus, le minist\u00e8re de l\u2019Enseignement sup\u00e9rieur et de la Recherche scientifique a pr\u00e9vu, cette ann\u00e9e, de reconduire \u00e0 plus vaste \u00e9chelle, le syst\u00e8me d\u2019enseignement \u00e0 distance.\u00a0 Re\u00e7u \u00e0 l\u2019\u00e9mission L\u2019Invit\u00e9 de la r\u00e9daction de la chaine 3 de la Radio Alg\u00e9rienne, M. Boualem Sa\u00efdani, directeur g\u00e9n\u00e9ral des enseignements et de la formation sup\u00e9rieure du minist\u00e8re, a expliqu\u00e9 qu\u2019en m\u00eame temps que l\u2019introduction de ce mode d\u2019enseignement \u00ab hybride \u00bb, les inscriptions des nouveaux bacheliers vont s\u2019op\u00e9rer par l\u2019entremise de Portes ouvertes, organis\u00e9es \u00e9galement \u00e0 distance. Du mode op\u00e9ratoire choisi pour permettre aux \u00e9tudiants de choisir la fili\u00e8re o\u00f9 ils souhaiteraient \u00eatre inscrits, il indique que celui-ci va se d\u00e9rouler en quatre phases distinctes : la premi\u00e8re \u00e9tant celle des Portes ouvertes o\u00f9 ils pourront prendre connaissance des fili\u00e8res propos\u00e9es \u00e0 leur choix. La seconde, celle des pr\u00e9inscriptions, consistant pour les pr\u00e9tendants \u00e0 faire un\u00a0 choix minimum parmi six fili\u00e8res et de dix, maximum, \u00ab de licences \u00e0 caract\u00e8re local ou r\u00e9gional \u00bb. Il indique qu\u2019\u00e0 l\u2019issue du traitement de ces fiches de v\u0153ux, son minist\u00e8re d\u00e9terminera la moyenne minimale ouvrant l\u2019acc\u00e8s \u00e0 une inscription dans chaque fili\u00e8re. Parmi ces fili\u00e8res, il mentionne, notamment, celles \u00e0 caract\u00e8re national, citant la m\u00e9decine, la chirurgie dentaire et la pharmacie. Il rappelle que l\u2019orientation de chaque bachelier se fera compte tenu de la moyenne obtenue au baccalaur\u00e9at, par rapport au module sur lequel il a dissert\u00e9, mais \u00e9galement, en fonction des places p\u00e9dagogiques offerte par chaque \u00e9tablissement d\u2019enseignement sup\u00e9rieur et enfin, de la circonscription g\u00e9ographique ou r\u00e9side l\u2019\u00e9tudiant.<\/div>\n<\/div>\n<p>Auteur: Nadine<br \/>\n<a href=\"https:\/\/www.reflexiondz.net\/ENSEIGNEMENT-ET-FORMATION-SUPERIEURE-Vers-la-reconduction-de-l-enseignement-a-distance_a65875.html\">Cliquez ici pour lire l&rsquo;article depuis sa source.<\/a><\/p>\n","protected":false},"excerpt":{"rendered":"<p>Lors de la rentr\u00e9e universitaire, les quelque 280.000 nouveaux bacheliers auraient du rejoindre les amphith\u00e9\u00e2tres des universit\u00e9s, mais, en raison de la persistance de la pand\u00e9mie du coronavirus, le minist\u00e8re de l\u2019Enseignement sup\u00e9rieur et de la Recherche scientifique a pr\u00e9vu, cette ann\u00e9e, de reconduire \u00e0 plus vaste \u00e9chelle, le syst\u00e8me d\u2019enseignement \u00e0 distance.\u00a0 Re\u00e7u \u00e0 [&hellip;]<\/p>\n","protected":false},"author":1740,"featured_media":0,"comment_status":"closed","ping_status":"closed","sticky":false,"template":"","format":"standard","meta":{"fifu_image_url":"","fifu_image_alt":"","footnotes":""},"categories":[53,76],"tags":[],"class_list":["post-102194","post","type-post","status-publish","format-standard","hentry","category-algerie","category-regions"],"_links":{"self":[{"href":"https:\/\/linitiative.ca\/International\/wp-json\/wp\/v2\/posts\/102194","targetHints":{"allow":["GET"]}}],"collection":[{"href":"https:\/\/linitiative.ca\/International\/wp-json\/wp\/v2\/posts"}],"about":[{"href":"https:\/\/linitiative.ca\/International\/wp-json\/wp\/v2\/types\/post"}],"author":[{"embeddable":true,"href":"https:\/\/linitiative.ca\/International\/wp-json\/wp\/v2\/users\/1740"}],"replies":[{"embeddable":true,"href":"https:\/\/linitiative.ca\/International\/wp-json\/wp\/v2\/comments?post=102194"}],"version-history":[{"count":0,"href":"https:\/\/linitiative.ca\/International\/wp-json\/wp\/v2\/posts\/102194\/revisions"}],"wp:attachment":[{"href":"https:\/\/linitiative.ca\/International\/wp-json\/wp\/v2\/media?parent=102194"}],"wp:term":[{"taxonomy":"category","embeddable":true,"href":"https:\/\/linitiative.ca\/International\/wp-json\/wp\/v2\/categories?post=102194"},{"taxonomy":"post_tag","embeddable":true,"href":"https:\/\/linitiative.ca\/International\/wp-json\/wp\/v2\/tags?post=102194"}],"curies":[{"name":"wp","href":"https:\/\/api.w.org\/{rel}","templated":true}]}}