{"id":102195,"date":"2020-10-19T11:35:00","date_gmt":"2020-10-19T15:35:00","guid":{"rendered":"https:\/\/linitiative.ca\/International\/abdelkader-zoukh-aujourdhui-devant-le-tribunal-de-tipasa\/"},"modified":"2020-10-19T11:35:00","modified_gmt":"2020-10-19T15:35:00","slug":"abdelkader-zoukh-aujourdhui-devant-le-tribunal-de-tipasa","status":"publish","type":"post","link":"https:\/\/linitiative.ca\/International\/abdelkader-zoukh-aujourdhui-devant-le-tribunal-de-tipasa\/","title":{"rendered":"Abdelkader Zoukh aujourd\u2019hui devant le tribunal de Tipasa"},"content":{"rendered":"<p><br id=\"sep_para_1\" class=\"sep_para access\"\/><\/p>\n<div id=\"para_1\" class=\"para_39090805 resize\">\n<div class=\"texte access firstletter\">L\u2019ancien wali d\u2019Alger Abdelkader Zoukh comparaitra, aujourd\u2019hui mardi 20 octobre devant le tribunal de Tipasa pour r\u00e9pondre aux accusations li\u00e9es \u00e0 l\u2019octroi d\u2019indus avantages \u00e0 l\u2019ancien directeur g\u00e9n\u00e9ral de la Suret\u00e9 Nationale (DGSN) Abdelghani Hamel et sa famille, rapporte une source m\u00e9diatique. En effet, l\u2019ancien wali d\u2019Alger\u00a0 r\u00e9pondra \u00e0 propos d\u2019octroi d\u2019un terrain \u00e0 la fille de l\u2019ancien patron de la DGSN. Hamel qui l\u2019avait contact\u00e9 en 2014 pour accorder un terrain de 7182 m\u00e8tres carr\u00e9s \u00e0 sa fille Chahinez. Zoukh avait reconnu, lors d\u2019une pr\u00e9c\u00e9dente audition qu\u2019il l\u2019avait orient\u00e9 aux services comp\u00e9tents de la wilaya. Ensuite, il revient sur ses d\u00e9clarations et affirme que le d\u00e9p\u00f4t du dossier avait suivi un cheminement ordinaire. Il s\u2019agit \u00e9galement de l\u2019octroi d\u2019un logement social, \u00e0 Chahinez, tout en l\u2019exemptant de payer les frais d\u2019acquisition et d\u2019un autre logement participatif (LSP). La fille de l\u2019ex DGSN avait b\u00e9n\u00e9fici\u00e9 des deux logements durant le m\u00eame mois d\u2019avril 2014.<\/div>\n<\/div>\n<p>Auteur: R\u00e9flexion<br \/>\n<a href=\"https:\/\/www.reflexiondz.net\/Abdelkader-Zoukh-aujourd-hui-devant-le-tribunal-de-Tipasa_a65885.html\">Cliquez ici pour lire l&rsquo;article depuis sa source.<\/a><\/p>\n","protected":false},"excerpt":{"rendered":"<p>L\u2019ancien wali d\u2019Alger Abdelkader Zoukh comparaitra, aujourd\u2019hui mardi 20 octobre devant le tribunal de Tipasa pour r\u00e9pondre aux accusations li\u00e9es \u00e0 l\u2019octroi d\u2019indus avantages \u00e0 l\u2019ancien directeur g\u00e9n\u00e9ral de la Suret\u00e9 Nationale (DGSN) Abdelghani Hamel et sa famille, rapporte une source m\u00e9diatique. En effet, l\u2019ancien wali d\u2019Alger\u00a0 r\u00e9pondra \u00e0 propos d\u2019octroi d\u2019un terrain \u00e0 la [&hellip;]<\/p>\n","protected":false},"author":1740,"featured_media":0,"comment_status":"closed","ping_status":"closed","sticky":false,"template":"","format":"standard","meta":{"fifu_image_url":"","fifu_image_alt":"","footnotes":""},"categories":[53,76],"tags":[],"class_list":["post-102195","post","type-post","status-publish","format-standard","hentry","category-algerie","category-regions"],"_links":{"self":[{"href":"https:\/\/linitiative.ca\/International\/wp-json\/wp\/v2\/posts\/102195","targetHints":{"allow":["GET"]}}],"collection":[{"href":"https:\/\/linitiative.ca\/International\/wp-json\/wp\/v2\/posts"}],"about":[{"href":"https:\/\/linitiative.ca\/International\/wp-json\/wp\/v2\/types\/post"}],"author":[{"embeddable":true,"href":"https:\/\/linitiative.ca\/International\/wp-json\/wp\/v2\/users\/1740"}],"replies":[{"embeddable":true,"href":"https:\/\/linitiative.ca\/International\/wp-json\/wp\/v2\/comments?post=102195"}],"version-history":[{"count":0,"href":"https:\/\/linitiative.ca\/International\/wp-json\/wp\/v2\/posts\/102195\/revisions"}],"wp:attachment":[{"href":"https:\/\/linitiative.ca\/International\/wp-json\/wp\/v2\/media?parent=102195"}],"wp:term":[{"taxonomy":"category","embeddable":true,"href":"https:\/\/linitiative.ca\/International\/wp-json\/wp\/v2\/categories?post=102195"},{"taxonomy":"post_tag","embeddable":true,"href":"https:\/\/linitiative.ca\/International\/wp-json\/wp\/v2\/tags?post=102195"}],"curies":[{"name":"wp","href":"https:\/\/api.w.org\/{rel}","templated":true}]}}