{"id":102197,"date":"2020-10-19T07:21:00","date_gmt":"2020-10-19T11:21:00","guid":{"rendered":"https:\/\/linitiative.ca\/International\/surecolor-sc-p700-et-la-surecolor-sc-p900-de-epson-les-deux-imprimantes-photo-dediees-aux-professionnels\/"},"modified":"2020-10-19T07:21:00","modified_gmt":"2020-10-19T11:21:00","slug":"surecolor-sc-p700-et-la-surecolor-sc-p900-de-epson-les-deux-imprimantes-photo-dediees-aux-professionnels","status":"publish","type":"post","link":"https:\/\/linitiative.ca\/International\/surecolor-sc-p700-et-la-surecolor-sc-p900-de-epson-les-deux-imprimantes-photo-dediees-aux-professionnels\/","title":{"rendered":"SureColor SC-P700 et la SureColor SC-P900 de Epson: Les deux imprimantes photo d\u00e9di\u00e9es aux professionnels"},"content":{"rendered":"<p>Epson pr\u00e9sente deux imprimantes photo pour les professionnels qui recherchent des images alliant pr\u00e9cision et grande capacit\u00e9 de reproduction des couleurs, ainsi qu\u2019un design simple.<\/p>\n<p>Les imprimantes photo de grande qualit\u00e9 SureColor SC-P900 et SC-P700 sont destin\u00e9es aux photographes et artistes attach\u00e9s au design.<\/p>\n<p>Epson a annonc\u00e9 le lancement de deux imprimantes photo innovantes et faciles \u00e0 utiliser, la SureColor SC-P700 et la SureColor SC-P900. Si les photographes professionnels constituent clairement le principal public vis\u00e9, ces deux imprimantes l\u00e9g\u00e8res et compactes sauront \u00e9galement s\u00e9duire artistes, studios, laboratoires photo et photographes semi-professionnels ou amateurs.<\/p>\n<p>Ce qui frappe au premier abord, c\u2019est qu\u2019elles ne ressemblent pas \u00e0 des imprimantes : une philosophie du design adopt\u00e9e suite \u00e0 plusieurs recherches sur ce qu\u2019appr\u00e9cient les utilisateurs, et d\u00e9coulant d\u2019une volont\u00e9 de proposer des imprimantes photo aussi esth\u00e9tiques que les impressions qu\u2019elles produisent. La SC-P700 (jusqu\u2019au format A3+) et la SC-P900 (jusqu\u2019au format A2+) proposent une technologie de surimpression noire, un mode Carbon Black et une encre UltraChrome Pro 10, pour la plus fid\u00e8le et la plus profonde reproduction des noirs. Autres fonctionnalit\u00e9s :<\/p>\n<p>Trois chemins papier diff\u00e9rents sont propos\u00e9s pour s\u2019adapter \u00e0 un large choix de supports : Valeur Black D-Max de 2,91, un \u00e9cran tactile optique LCD de 4,3 pouces (utilisable avec des gants) avec une interface utilisateur graphique personnalisable.<\/p>\n<p>Le programme d\u2019installation de supports Epson est con\u00e7u pour faciliter l\u2019utilisation chez les professionnels, avec un espace colorim\u00e9trique bleu \u00e9tendu pour la reproduction d\u2019images ultra-r\u00e9alistes.<\/p>\n<p>Il existe \u00e9galement un logiciel avec des fonctionnalit\u00e9s avanc\u00e9es et plus de flexibilit\u00e9 pour rendre la gestion des couleurs rapide et facile. Parmi les autres caract\u00e9ristiques, on trouve :<\/p>\n<p class=\"c3\"><span class=\"c2\"><strong>\u2022<\/strong><\/span> Rouleau sans axe int\u00e9gr\u00e9<br \/><span class=\"c2\"><strong>\u2022<\/strong><\/span> sur la SC-P700, en option sur la SC-P900<br \/><span class=\"c2\"><strong>\u2022<\/strong><\/span> Nouveau syst\u00e8me de chargement automatique du papier<br \/><span class=\"c2\"><strong>\u2022<\/strong><\/span> pour charger facilement des supports beaux-arts<br \/><span class=\"c2\"><strong>\u2022<\/strong><\/span> La plus compacte<br \/><span class=\"c2\"><strong>\u2022<\/strong><\/span> et la plus l\u00e9g\u00e8re de sa cat\u00e9gorie<br \/><span class=\"c2\"><strong>\u2022<\/strong><\/span> \u00c9tanch\u00e9it\u00e9 am\u00e9lior\u00e9e, pour une meilleure protection contre poussi\u00e8res et salet\u00e9s<\/p>\n<p>Menel Kridiss, chef de produit de la s\u00e9lection pro chez Epson Tunisie, a expliqu\u00e9 : \u00ab Nous sommes convaincus que ces imprimantes sauront s\u00e9duire les personnes qui travaillent dans le secteur cr\u00e9atif, qui ont un sens aigu du d\u00e9tail et qui appr\u00e9cient particuli\u00e8rement de disposer d\u2019un mat\u00e9riel \u00e0 la fois ultra-performant et esth\u00e9tique. \u00bb<br \/>Elle a ajout\u00e9 : \u00ab M\u00eame si cela fait un peu clich\u00e9, les imprimantes SC-P700 et SC-P900 parviennent \u00e0 allier esth\u00e9tique et fonctionnalit\u00e9. Le niveau de pr\u00e9cision et la qualit\u00e9 d\u2019impression sont encore am\u00e9lior\u00e9s par les noirs les plus profonds et un espace colorim\u00e9trique bleu \u00e9tendu, pour des impressions ultra-r\u00e9alistes. Tout cela fait partie int\u00e9grante de la solution d\u2019impression compl\u00e8te d\u2019Epson, comprenant mat\u00e9riel, logiciels, encres et papier. \u00bb<\/p>\n<p>Menel a tenu \u00e0 rappeler que Epson est convaincu que ces nouveaut\u00e9s de la gamme SureColor raviront les cr\u00e9atifs \u00e0 la recherche d\u2019un produit offrant \u00e0 la fois une grande qualit\u00e9 d\u2019impression photo et un design sobre et \u00e9l\u00e9gant. \u00bb<br \/>Les imprimantes SC-P700 et SC-P900 sont disponibles en Tunisie \u00e0 partir de ao\u00fbt 2020.<br \/>\u00a0<\/p>\n<p>Auteur:<br \/>\n<a href=\"https:\/\/www.leaders.com.tn\/article\/30757-surecolor-sc-p700-et-la-surecolor-sc-p900-de-epson-les-deux-imprimantes-photo-dediees-aux-professionnels\">Cliquez ici pour lire l&rsquo;article depuis sa source.<\/a><\/p>\n","protected":false},"excerpt":{"rendered":"<p>Epson pr\u00e9sente deux imprimantes photo pour les professionnels qui recherchent des images alliant pr\u00e9cision et grande capacit\u00e9 de reproduction des couleurs, ainsi qu\u2019un design simple. Les imprimantes photo de grande qualit\u00e9 SureColor SC-P900 et SC-P700 sont destin\u00e9es aux photographes et artistes attach\u00e9s au design. Epson a annonc\u00e9 le lancement de deux imprimantes photo innovantes et [&hellip;]<\/p>\n","protected":false},"author":1772,"featured_media":0,"comment_status":"closed","ping_status":"closed","sticky":false,"template":"","format":"standard","meta":{"fifu_image_url":"","fifu_image_alt":"","footnotes":""},"categories":[73,55],"tags":[],"class_list":["post-102197","post","type-post","status-publish","format-standard","hentry","category-actualite","category-tunisie"],"_links":{"self":[{"href":"https:\/\/linitiative.ca\/International\/wp-json\/wp\/v2\/posts\/102197","targetHints":{"allow":["GET"]}}],"collection":[{"href":"https:\/\/linitiative.ca\/International\/wp-json\/wp\/v2\/posts"}],"about":[{"href":"https:\/\/linitiative.ca\/International\/wp-json\/wp\/v2\/types\/post"}],"author":[{"embeddable":true,"href":"https:\/\/linitiative.ca\/International\/wp-json\/wp\/v2\/users\/1772"}],"replies":[{"embeddable":true,"href":"https:\/\/linitiative.ca\/International\/wp-json\/wp\/v2\/comments?post=102197"}],"version-history":[{"count":0,"href":"https:\/\/linitiative.ca\/International\/wp-json\/wp\/v2\/posts\/102197\/revisions"}],"wp:attachment":[{"href":"https:\/\/linitiative.ca\/International\/wp-json\/wp\/v2\/media?parent=102197"}],"wp:term":[{"taxonomy":"category","embeddable":true,"href":"https:\/\/linitiative.ca\/International\/wp-json\/wp\/v2\/categories?post=102197"},{"taxonomy":"post_tag","embeddable":true,"href":"https:\/\/linitiative.ca\/International\/wp-json\/wp\/v2\/tags?post=102197"}],"curies":[{"name":"wp","href":"https:\/\/api.w.org\/{rel}","templated":true}]}}