{"id":102200,"date":"2020-10-19T11:12:00","date_gmt":"2020-10-19T15:12:00","guid":{"rendered":"https:\/\/linitiative.ca\/International\/pierre-robert-baduel-quand-la-tunisie-ouvrait-la-voie-combats-et-debats-dune-annee-revolutionnaire\/"},"modified":"2020-10-19T11:12:00","modified_gmt":"2020-10-19T15:12:00","slug":"pierre-robert-baduel-quand-la-tunisie-ouvrait-la-voie-combats-et-debats-dune-annee-revolutionnaire","status":"publish","type":"post","link":"https:\/\/linitiative.ca\/International\/pierre-robert-baduel-quand-la-tunisie-ouvrait-la-voie-combats-et-debats-dune-annee-revolutionnaire\/","title":{"rendered":"Pierre Robert Baduel: Quand la Tunisie ouvrait la voie\u2026 Combats et d\u00e9bats d\u2019une ann\u00e9e r\u00e9volutionnaire"},"content":{"rendered":"<p><strong><span class=\"c3\"><span class=\"c2\"><em>Par Mahmoud Ben Romdhane &#8211;<\/em><\/span><\/span><\/strong> Pierre Robert Baduel, Directeur de recherche honoraire au CNRS en Sociologie politique, qui a dirig\u00e9 l\u2019Institut de Recherches sur le Maghreb Contemporain (IRMC) \u00e0 Tunis pendant cinq ans au cours des ann\u00e9es deux mille, et pass\u00e9 une grande partie de sa vie de chercheur dans notre pays, vient de publier un imposant ouvrage de 438 pagessur une ann\u00e9e particuli\u00e8re de notre histoire: l\u2019ann\u00e9e 2011. \u00abUne ann\u00e9e r\u00e9volutionnaire\u00bb, au cours de laquelle \u00abla Tunisie ouvrait la voie \u2026\u00bb.<\/p>\n<p>Le livre est une Chronique de l\u2019Ann\u00e9e tunisienne 2011, une ann\u00e9e dont il dira dans ses conclusions qu\u2019elle <em>\u00abcomptera comme un de ses temps les plus forts, probablement le temps le plus fort apr\u00e8s le moment de l\u2019ind\u00e9pendance du pays\u00bb<\/em>. Sans doute. Mais m\u00eame si elle n\u2019a pas \u00e9t\u00e9 le temps le plus fort, elle aura \u00e9t\u00e9, de tr\u00e8s loin, la plus haletante, celle dont chaque jour aura tenu en haleine Tunisiennes, Tunisiens et tous ceux qui observaient notre pays. Sous Ben Ali, l\u2019histoire \u00e9tait suspendue, perp\u00e9tuel recommencement ; chaque jour ressemblait \u00e0 son pr\u00e9c\u00e9dent ; en 2011, chaque jour annon\u00e7ait son lot d\u2019\u00e9v\u00e9nements et de changements in\u00e9dits. L\u2019ann\u00e9e 2011 fut une ann\u00e9e o\u00f9 chaque jour \u00e9tait incertitude. \u00abUne ann\u00e9e r\u00e9volutionnaire\u00bb, parce qu\u2019au-del\u00e0 de l\u2019incertain se jouait le destin du syst\u00e8me politique dans lequel nous \u00e9tions appel\u00e9s \u00e0 vivre. Une ann\u00e9e, \u00e9crit Baduel, de <em>\u00abcombats et d\u00e9bats\u00bb<\/em>. Et ce qui \u00e9tait en jeu en Tunisie d\u00e9passait nos propres fronti\u00e8res : il <em>\u00abouvrait la voie\u00bb<\/em> \u00e0 un immense chambardement : ce que d\u2019aucuns ont d\u00e9sign\u00e9 par Printemps arabes.<\/p>\n<p>L\u2019auteur ne d\u00e9crit pas le cours des \u00e9v\u00e9nements, parce que les temps se t\u00e9lescopent et parce qu\u2019au temps des combats et des d\u00e9bats, fait suite le temps du salafisme ; et, plus prosa\u00efquement, parce qu\u2019il s\u2019est lib\u00e9r\u00e9 du temps lin\u00e9aire. Le temps, chez l\u2019auteur, est \u00ab\u00e9v\u00e9nementialis\u00e9\u00bb. <em>\u00abEv\u00e9nementialiser<\/em>, \u00e9crit-il dans son introduction g\u00e9n\u00e9rale, <em>c\u2019est amalgamer les faits, les requalifier en \u00abprocessus\u00bb, les saisir comme voie en construction et sens en train de se trouver, comme parcours s\u2019inventant\u00a0 sans pour autant \u00eatre irrationnel, comme invention du possible, \u00e0 la fois rupture, pari, inauguration\u00bb<\/em> (page 24)<\/p>\n<p>L\u2019auteur proc\u00e8de \u00e0 une d\u00e9coupe en deux grands moments qui structurent son ouvrage. Une premi\u00e8re partie intitul\u00e9e <em>\u00abUne \u00abrupture instauratrice\u00bb? L\u2019invention erratique et obstin\u00e9e d\u2019une transition politique\u00bb<\/em>, organis\u00e9e en trois chapitres: un premier consacr\u00e9 aux gouvernements Mohamed Ghannouchi ayant pour chapeau \u00abTenir\u00bb, un deuxi\u00e8me aux gouvernements B\u00e9ji Ca\u00efd Essebsi d\u00e9sign\u00e9s par \u00abMaintenir\u00bb et un troisi\u00e8me \u2013 le plus important -, focalis\u00e9 sur les instances transitionnelles qui ont \u00e9t\u00e9 le lieu central des combats et des d\u00e9bats. Leur changement de d\u00e9nomination, \u00e0 lui seul, qui exprime une volont\u00e9 de transformation de leur vocation et une autre vision de la situation et des enjeux, \u00e9claire les nouveaux rapports de force et les nouveaux termes de leur agenda.<\/p>\n<p>La deuxi\u00e8me partie est intitul\u00e9e <em>\u00abBifurcation dans la r\u00e9volution?\u00bb.<\/em> Elle est divis\u00e9e en deux chapitres : un premier, centr\u00e9 sur la campagne pour les \u00e9lections \u00e0 l\u2019ANC ; un second sur l\u2019entretemps post-\u00e9lectoral, celui qui s\u00e9pare le jour du scrutin de la mise en place du gouvernement Hamadi Jebali.<\/p>\n<p>Les deux grands moments sont bien diff\u00e9rents : le premier est celui d\u2019une \u00e9pop\u00e9e, le second d\u2019une retomb\u00e9e. La Chronique que nous livre Baduel n\u2019est pas une chronique froide, \u00e9grenant les \u00e9v\u00e9nements marquants, mais une chronique vivante dans laquelle l\u2019auteur n\u2019est pas un observateur ext\u00e9rieur, \u00abobjectif\u00bb, \u00abneutre\u00bb, mais un t\u00e9moin vivant, qui conna\u00eet, qui est familier des acteurs majeurs, de leur personnalit\u00e9 comme de leurs traits de caract\u00e8re et de leurs ambitions. L\u2019auteur veut rendre bien clair que c\u2019est lui qui s\u2019exprime et soumet les \u00e9v\u00e9nements et les acteurs \u00e0 son regard. L\u2019auteur est un t\u00e9moin\u00a0 qui ne cache pas ses pr\u00e9f\u00e9rences, ses sympathies r\u00e9volutionnaires et ses distances vis-\u00e0-vis de l\u2019Ancien R\u00e9gime, qui \u00e9crit sur le mode du \u00abje\u00bb. Mais comme il s\u2019agit d\u2019un grand chercheur, son r\u00e9cit restitue le jeu des acteurs, leurs luttes incessantes, les compromis temporaires auxquels ils parviennent ; les forces et les int\u00e9r\u00eats qui les animent ; les traits m\u00eames de caract\u00e8re des personnalit\u00e9s marquantes et l\u2019influence que ces traits exercent sur leurs positions Le r\u00e9cit donne la parole aux diff\u00e9rents protagonistes. Comme le sous-titre de l\u2019ouvrage l\u2019indique, la chronique est celle des <em>\u00abcombats et d\u00e9bats d\u2019une ann\u00e9e r\u00e9volutionnaire\u00bb.<\/em> Ces combats et d\u00e9bats sont restitu\u00e9s dans toute leur richesse, soumis \u00e0 un regard per\u00e7ant, dans un style alerte.<\/p>\n<p>Dans ses \u00abConclusions\u00bb, l\u2019auteur s\u2019interroge sur les relations que les \u00e9lites politiques tunisiennes ont tiss\u00e9es entre l\u2019id\u00e9e constitutionnelle, l\u2019id\u00e9e r\u00e9publicaine et l\u2019id\u00e9e d\u00e9mocratique depuis le XIXe si\u00e8cle jusqu\u2019aux \u00e9lections de la Constituante pour dire \u00e0 quel point l\u2019id\u00e9e r\u00e9publicaine a \u00e9t\u00e9, en permanence, r\u00e9duite, escamot\u00e9e; et il proc\u00e8de \u00e0 la comparaison de la r\u00e9volution tunisienne par rapport aux r\u00e9volutions du deuxi\u00e8me XXe si\u00e8cle et des d\u00e9buts du XXIe si\u00e8cle pour souligner que <em>\u00abcette r\u00e9volution n\u2019a peut-\u00eatre pas accouch\u00e9 d\u2019une \u00abutopie innovante\u00bb qui ait pu devenir un exemple universel\u00bb; mais elle a eu d\u00e9j\u00e0 partiellement cette vertu utopique dans les cercles g\u00e9opolitiques concentriques anciens et contemporains dans lesquels s\u2019inscrit la Tunisie : les peuples du Maghreb, du monde arabe, du monde musulman\u00bb<\/em> (p.426). Le propos est rapide et indique l\u2019angle mort de cette recherche: l\u2019absence d\u2019analyse comparative avec les transitions politiques qui ont eu cours dans le monde, notamment celles de la \u00abTroisi\u00e8me Vague\u00bb, qui s\u2019explique, en grande partie, par l\u2019impasse faite sur l\u2019immense litt\u00e9rature produite par science politique anglo-saxonne et que la production acad\u00e9mique francophone a trop peu investi.<\/p>\n<p>L\u2019ouvrage est \u00e9crit par un chercheur en sciences sociales, qui est \u00e0 la fois\u00a0 un chercheur chevronn\u00e9 et un \u00eatre qui a vibr\u00e9 avec la R\u00e9volution tunisienne. Son \u00e9crit est riche et rigoureux, tout en \u00e9tant vivant. A la fois r\u00e9f\u00e9rence scientifique et agr\u00e9able \u00e0 lire.<\/p>\n<p><em><strong>Quand la Tunisie ouvrait la voie\u2026 Combats et d\u00e9bats d\u2019une ann\u00e9e r\u00e9volutionnaire<br \/>De Pierre Rober Baduel<br \/>Editions Non Lieu. Paris 2020. 438 pages<\/strong><\/em><\/p>\n<p class=\"c4\"><strong>Mahmoud Ben Romdhane<\/strong><\/p>\n<p>Auteur:<br \/>\n<a href=\"https:\/\/www.leaders.com.tn\/article\/30760-pierre-rober-baduel-quand-la-tunisie-ouvrait-la-voie-combats-et-debats-d-une-annee-revolutionnaire\">Cliquez ici pour lire l&rsquo;article depuis sa source.<\/a><\/p>\n","protected":false},"excerpt":{"rendered":"<p>Par Mahmoud Ben Romdhane &#8211; Pierre Robert Baduel, Directeur de recherche honoraire au CNRS en Sociologie politique, qui a dirig\u00e9 l\u2019Institut de Recherches sur le Maghreb Contemporain (IRMC) \u00e0 Tunis pendant cinq ans au cours des ann\u00e9es deux mille, et pass\u00e9 une grande partie de sa vie de chercheur dans notre pays, vient de publier [&hellip;]<\/p>\n","protected":false},"author":1772,"featured_media":0,"comment_status":"closed","ping_status":"closed","sticky":false,"template":"","format":"standard","meta":{"fifu_image_url":"","fifu_image_alt":"","footnotes":""},"categories":[73,55],"tags":[],"class_list":["post-102200","post","type-post","status-publish","format-standard","hentry","category-actualite","category-tunisie"],"_links":{"self":[{"href":"https:\/\/linitiative.ca\/International\/wp-json\/wp\/v2\/posts\/102200","targetHints":{"allow":["GET"]}}],"collection":[{"href":"https:\/\/linitiative.ca\/International\/wp-json\/wp\/v2\/posts"}],"about":[{"href":"https:\/\/linitiative.ca\/International\/wp-json\/wp\/v2\/types\/post"}],"author":[{"embeddable":true,"href":"https:\/\/linitiative.ca\/International\/wp-json\/wp\/v2\/users\/1772"}],"replies":[{"embeddable":true,"href":"https:\/\/linitiative.ca\/International\/wp-json\/wp\/v2\/comments?post=102200"}],"version-history":[{"count":0,"href":"https:\/\/linitiative.ca\/International\/wp-json\/wp\/v2\/posts\/102200\/revisions"}],"wp:attachment":[{"href":"https:\/\/linitiative.ca\/International\/wp-json\/wp\/v2\/media?parent=102200"}],"wp:term":[{"taxonomy":"category","embeddable":true,"href":"https:\/\/linitiative.ca\/International\/wp-json\/wp\/v2\/categories?post=102200"},{"taxonomy":"post_tag","embeddable":true,"href":"https:\/\/linitiative.ca\/International\/wp-json\/wp\/v2\/tags?post=102200"}],"curies":[{"name":"wp","href":"https:\/\/api.w.org\/{rel}","templated":true}]}}