{"id":102203,"date":"2020-10-19T06:00:00","date_gmt":"2020-10-19T10:00:00","guid":{"rendered":"https:\/\/linitiative.ca\/International\/memoires-dun-saint-homme-sidi-zekri\/"},"modified":"2020-10-19T06:00:00","modified_gmt":"2020-10-19T10:00:00","slug":"memoires-dun-saint-homme-sidi-zekri","status":"publish","type":"post","link":"https:\/\/linitiative.ca\/International\/memoires-dun-saint-homme-sidi-zekri\/","title":{"rendered":"M\u00e9moires d\u2019un saint homme, Sidi-Zekri!"},"content":{"rendered":"<p class=\"c4\">Annulation \u00e0 la derni\u00e8re minute du Conseil des ministres par visioconf\u00e9rence. Wach ?\u2026\u00a0<\/p>\n<p class=\"c4\"><strong>\u2026 Djidji n\u2019a pas pay\u00e9 l\u2019abonnement ADSL ?\u00a0<\/strong><\/p>\n<p class=\"c4\">Je ne doute pas de la bonne volont\u00e9 de Djerad. Comme je ne \u00ab pr\u00e9acte \u00bb pas non plus de son efficacit\u00e9. Je note juste que le Premier ministre, en visite \u00e0 Djelfa, a d\u00e9clar\u00e9 ceci : \u00ab Nous allons r\u00e9organiser les zones industrielles du pays .\u00bb Dans un souci patriotique de contribution citoyenne, je souhaite apporter \u00e0 Djerad mon t\u00e9moignage. Dans mon berceau, un \u00e9t\u00e9 1962, un bon mois avant les festivit\u00e9s officielles du 5 Juillet, j\u2019ai entendu distinctement, par la fen\u00eatre entrouverte de la chambre d\u2019h\u00f4pital o\u00f9 ma m\u00e8re venait de se lib\u00e9rer de moi, le Premier ministre provisoire de l\u2019ex\u00e9cutif encore plus provisoire d\u00e9clarer ceci : \u00ab Notre priorit\u00e9, c\u2019est de r\u00e9organiser les zones industrielles du pays ! \u00bb Des ann\u00e9es apr\u00e8s, et ayant compris que dans notre ch\u00e8re D\u00e9z\u00e9die, il fallait \u00e0 tout prix laisser les fen\u00eatres toujours entrouvertes \u2014 pour n\u2019en rater aucune miette \u2014 j\u2019ai distinctement entendu un autre chef du gouvernement jurer ceci : \u00ab La priorit\u00e9 de nos priorit\u00e9s industrialisantes, c\u2019est de r\u00e9organiser les zones industrielles de notre bienheureuse contr\u00e9e b\u00e9nie ! \u00bb Ayant pris de l\u2019\u00e2ge, devenant plus sensible aux courants d\u2019air que provoquent les fen\u00eatres trop longtemps et trop souvent entrouvertes, j\u2019ai tout de m\u00eame entendu, par l\u2019entreb\u00e2illement d\u2019une porte d\u00e9rob\u00e9e, le 3459e chef du gouvernement de ma contr\u00e9e, un peu moins bienheureuse et un chouia moins b\u00e9nie, dire ceci : \u00ab Nous pla\u00e7ons en t\u00eate de notre feuille de route la n\u00e9cessit\u00e9 imp\u00e9rieuse et t\u00e9l\u00e9phon\u00e9e de r\u00e9organiser les zones industrielles du pays ! \u00bb Depuis, et compl\u00e8tement atteint par la limite d\u2019\u00e2ge, et malgr\u00e9 le port d\u2019une aide auditive, sourd comme un pot sans elle, j\u2019ai v\u00e9cu assez longtemps pour entendre aujourd\u2019hui Djerad promettre qu\u2019il allait incessamment-sous-peu-Tit \u2019suite \u00ab r\u00e9organiser les zones industrielles du pays \u00bb. Voil\u00e0 ! Ce que j\u2019en conclus ? Ben rien ! J\u2019suis patriote, donc je souhaite BON COURAGE \u00e0 Djerad ! Et je me remets vite \u00e0 mon occupation favorite. Apprendre \u00e0 mes enfants \u00e0 toujours laisser une fen\u00eatre entrouverte. \u00c7a a\u00e8re et \u00e7a sert vachement quand on sait qu\u2019on va passer sa vie \u00e0 fumer du th\u00e9 pour rester \u00e9veill\u00e9 \u00e0 ce cauchemar qui continue.<br \/><em><strong>H. L.<\/strong><\/em><\/p>\n<p>Auteur:<br \/>\n<a href=\"https:\/\/www.lesoirdalgerie.com\/pousse-avec-eux\/memoires-dun-saint-homme-sidi-zekri-49920\">Cliquez ici pour lire l&rsquo;article depuis sa source.<\/a><\/p>\n","protected":false},"excerpt":{"rendered":"<p>Annulation \u00e0 la derni\u00e8re minute du Conseil des ministres par visioconf\u00e9rence. Wach ?\u2026\u00a0 \u2026 Djidji n\u2019a pas pay\u00e9 l\u2019abonnement ADSL ?\u00a0 Je ne doute pas de la bonne volont\u00e9 de Djerad. Comme je ne \u00ab pr\u00e9acte \u00bb pas non plus de son efficacit\u00e9. Je note juste que le Premier ministre, en visite \u00e0 Djelfa, a [&hellip;]<\/p>\n","protected":false},"author":1741,"featured_media":0,"comment_status":"closed","ping_status":"closed","sticky":false,"template":"","format":"standard","meta":{"fifu_image_url":"","fifu_image_alt":"","footnotes":""},"categories":[73,53],"tags":[],"class_list":["post-102203","post","type-post","status-publish","format-standard","hentry","category-actualite","category-algerie"],"_links":{"self":[{"href":"https:\/\/linitiative.ca\/International\/wp-json\/wp\/v2\/posts\/102203","targetHints":{"allow":["GET"]}}],"collection":[{"href":"https:\/\/linitiative.ca\/International\/wp-json\/wp\/v2\/posts"}],"about":[{"href":"https:\/\/linitiative.ca\/International\/wp-json\/wp\/v2\/types\/post"}],"author":[{"embeddable":true,"href":"https:\/\/linitiative.ca\/International\/wp-json\/wp\/v2\/users\/1741"}],"replies":[{"embeddable":true,"href":"https:\/\/linitiative.ca\/International\/wp-json\/wp\/v2\/comments?post=102203"}],"version-history":[{"count":0,"href":"https:\/\/linitiative.ca\/International\/wp-json\/wp\/v2\/posts\/102203\/revisions"}],"wp:attachment":[{"href":"https:\/\/linitiative.ca\/International\/wp-json\/wp\/v2\/media?parent=102203"}],"wp:term":[{"taxonomy":"category","embeddable":true,"href":"https:\/\/linitiative.ca\/International\/wp-json\/wp\/v2\/categories?post=102203"},{"taxonomy":"post_tag","embeddable":true,"href":"https:\/\/linitiative.ca\/International\/wp-json\/wp\/v2\/tags?post=102203"}],"curies":[{"name":"wp","href":"https:\/\/api.w.org\/{rel}","templated":true}]}}