{"id":102213,"date":"2020-10-19T17:05:16","date_gmt":"2020-10-19T21:05:16","guid":{"rendered":"https:\/\/linitiative.ca\/International\/la-tunisie-est-devenue-un-etat-facebookien\/"},"modified":"2020-10-19T17:05:16","modified_gmt":"2020-10-19T21:05:16","slug":"la-tunisie-est-devenue-un-etat-facebookien","status":"publish","type":"post","link":"https:\/\/linitiative.ca\/International\/la-tunisie-est-devenue-un-etat-facebookien\/","title":{"rendered":"La Tunisie est devenue un Etat facebookien\u00a0?"},"content":{"rendered":"<div class=\"post-cont-in left relative\">\n<div id=\"post-info-wrap\" class=\"left relative post-info-out\">\n<div class=\"post-info-img left relative\"><img loading=\"lazy\" decoding=\"async\" alt=\"\" src=\"https:\/\/secure.gravatar.com\/avatar\/9f10b5e5a102bf8cc0ebfb84f5ab5652?s=50&amp;d=mm&amp;r=g\" srcset=\"https:\/\/secure.gravatar.com\/avatar\/9f10b5e5a102bf8cc0ebfb84f5ab5652?s=100&amp;d=mm&amp;r=g 2x\" class=\"avatar avatar-50 photo\" height=\"50\" width=\"50\"\/><\/div>\n<div class=\"post-info-in\">\n<div class=\"post-info-right left relative post-info-name left relative\"><span itemprop=\"author\" itemscope=\"\" itemtype=\"https:\/\/schema.org\/Person\"><span class=\"post-info-text\">Par<\/span> <span class=\"author-name vcard fn author\" itemprop=\"name\"><a href=\"https:\/\/www.tunisienumerique.com\/author\/ramsis\/\" title=\"Articles par Ramsis\" rel=\"author\">Ramsis<\/a><\/span><\/span> <span class=\"post-date updated\"><time class=\"post-date updated\" itemprop=\"datePublished\" datetime=\"2020-10-19\">\u00a0| Il y a 1 minute<\/time><\/span><\/div>\n<div class=\"left relative\"><button id=\"listenButton1\" class=\"responsivevoice-button\" type=\"button\" value=\"Play\" title=\"&#xC9;coutez l'article\"><span>\ud83d\udd0a \u00c9coutez l&rsquo;article<\/span><\/button> <\/div>\n<\/div>\n<\/div>\n<p>La Tunisie serait-elle devenue un Etat facebookien, pour reprendre un terme de circonstance\u00a0? C\u2019est, \u00e0 ce qu\u2019il parait, plus que probable.<\/p>\n<div class=\"code-block code-block-1 c4\"><ins class=\"adsbygoogle c3\" data-ad-layout=\"in-article\" data-ad-format=\"fluid\" data-ad-client=\"ca-pub-2102118777505746\" data-ad-slot=\"7301775417\"\/> <\/div>\n<p>En effet, les sujets les plus importants et les plus critiques se g\u00e8rent, d\u00e9sormais, \u00e0 travers le r\u00e9seau social facebook.<\/p>\n<p>La derni\u00e8re frasque, \u00e0 ce sujet, date de ce lundi, quand l\u2019annonce de la g\u00e9n\u00e9ralisation du couvre feu sur tout le territoire, est tomb\u00e9e sur les r\u00e9seaux sociaux. L\u2018information, publi\u00e9e sur la page facebook de la pr\u00e9sidence du gouvernement, disait que le chef du gouvernement a d\u00e9l\u00e9gu\u00e9 aux gouverneurs la d\u00e9cision de fixer les modalit\u00e9s et les horaires du couvre feu dans leur r\u00e9gion. L\u2019information ne pr\u00e9cisait pas si les gouverneurs devaient d\u00e9cider, ou non, de l\u2019instauration du couvre feu dans leur r\u00e9gion, ou s\u2019ils devaient se plier \u00e0 a d\u00e9cision de l\u2019instaurer et se contenter d\u2019en fixer les horaires de d\u00e9but et de fin.<\/p>\n<p>Cette annonce a \u00e9t\u00e9 suivie par une premi\u00e8re information \u00ab\u00a0pseudo\u00a0\u00bb officielle qui a \u00e9man\u00e9, en d\u00e9but d\u2019apr\u00e8s midi, de la police municipale, \u00e0 travers sa page facebook, assurant que le couvre feu a \u00e9t\u00e9 instaur\u00e9 sur tout le territoire national de 20H00 \u00e0 05H00. Comme \u00e7\u00e0\u2026 \u00e0 travers facebook, une page g\u00e9r\u00e9e par des admins relevant de la direction de la police municipale.<\/p>\n<p><img loading=\"lazy\" decoding=\"async\" class=\"aligncenter size-full wp-image-570477\" src=\"https:\/\/www.tunisienumerique.com\/wp-content\/uploads\/2020\/10\/police-1.jpg\" alt=\"\" width=\"515\" height=\"430\" srcset=\"https:\/\/www.tunisienumerique.com\/wp-content\/uploads\/2020\/10\/police-1.jpg 515w, https:\/\/www.tunisienumerique.com\/wp-content\/uploads\/2020\/10\/police-1-80x68.jpg 80w\" sizes=\"auto, (max-width: 515px) 100vw, 515px\"\/><\/p>\n<p>Par la suite, il a fallu que la conseill\u00e8re en communication aupr\u00e8s du chef du gouvernement fournisse quelques pr\u00e9cisions, comme quoi les gouverneurs sont habilit\u00e9s \u00e0 d\u00e9cr\u00e9ter le couver feu, ou non, et d\u2019en fixer les horaires et la dur\u00e9e. Et le malheur, c\u2019est que cette conseill\u00e8re, au lieu d\u2019user des canaux officiels de communication de la Kasbah, \u00e0 pr\u00e9f\u00e9r\u00e9 utiliser sa page facebook personnelle.<\/p>\n<p><img loading=\"lazy\" decoding=\"async\" class=\"aligncenter size-full wp-image-570478\" src=\"https:\/\/www.tunisienumerique.com\/wp-content\/uploads\/2020\/10\/mefteh.jpg\" alt=\"\" width=\"511\" height=\"200\"\/><\/p>\n<p>Heureusement que Marc Zuckerberg nous a gratifi\u00e9s de son fameux r\u00e9seau facebook, sinon, notre Etat n\u2019aurait pas trouv\u00e9 le moindre moyen de communiquer avec les citoyens et d\u2019annoncer des d\u00e9cisions aussi graves que l\u2019instauration d\u2019un couvre feu national.<\/p>\n<p>Une communication aussi hasardeuse, de la part du gouvernement, qui laisse l\u2019annonce de mesures assez s\u00e9rieuses, \u00e0 des admins de pages facebook, fussent-ils des conseillers du chef du gouvernement, sont de nature \u00e0 achever de consommer la notori\u00e9t\u00e9 de l\u2019Etat, en donnant l\u2019impression qu\u2019il n\u2019y a pas de pilote aux commandes du pays.<\/p>\n<div class=\"swp_social_panel swp_horizontal_panel swp_flat_fresh swp_default_full_color swp_individual_full_color swp_other_full_color scale-100 scale-\" data-min-width=\"1100\" data-float-color=\"#ffffff\" data-float=\"bottom\" data-float-mobile=\"bottom\" data-transition=\"slide\">\n<div class=\"nc_tweetContainer swp_share_button total_shares total_sharesalt\"><span class=\"swp_count\">1 <span class=\"swp_label\">Partages<\/span><\/span><\/div>\n<\/div>\n<p><strong>Que se passe-t-il en Tunisie?<\/strong><br \/>Nous expliquons sur notre <a href=\"https:\/\/www.youtube.com\/channel\/UCRzypVq0B_yBad5eGrwBx0Q?sub_confirmation=1\" target=\"_blank\" rel=\"noopener noreferrer\">cha\u00eene YouTube<\/a> . <a href=\"https:\/\/www.youtube.com\/channel\/UCRzypVq0B_yBad5eGrwBx0Q?sub_confirmation=1\" target=\"_blank\" rel=\"noopener noreferrer\">Abonnez-vous!<\/a><\/p>\n<div class=\"mvp-org-wrap mvp-org-logo\" itemprop=\"publisher\" itemscope=\"\" itemtype=\"https:\/\/schema.org\/Organization\"><img decoding=\"async\" src=\"https:\/\/www.tunisienumerique.com\/wp-content\/uploads\/2017\/02\/logo_tunisie_numerique.png\"\/><\/div>\n<div class=\"mvp-related-posts left relative\">\n<h4 class=\"post-header\"><span class=\"post-header\">Lire aussi<\/span><\/h4>\n<\/div>\n<div id=\"article-ad\"><ins class=\"adsbygoogle c5\" data-ad-client=\"ca-pub-2102118777505746\" data-ad-slot=\"6513972734\" data-ad-format=\"auto\" data-full-width-responsive=\"true\"\/> <\/div>\n<\/div>\n<div id=\"post-sidebar-wrap\"><ins class=\"adsbygoogle c5\" data-ad-client=\"ca-pub-2102118777505746\" data-ad-slot=\"6168283410\" data-ad-format=\"auto\" data-full-width-responsive=\"true\"\/> <\/div>\n<p>Auteur: Ramsis<br \/>\n<a href=\"https:\/\/www.tunisienumerique.com\/la-tunisie-est-devenue-un-etat-facebookien\/\">Cliquez ici pour lire l&rsquo;article depuis sa source.<\/a><\/p>\n","protected":false},"excerpt":{"rendered":"<p>Par Ramsis \u00a0| Il y a 1 minute \ud83d\udd0a \u00c9coutez l&rsquo;article La Tunisie serait-elle devenue un Etat facebookien, pour reprendre un terme de circonstance\u00a0? C\u2019est, \u00e0 ce qu\u2019il parait, plus que probable. En effet, les sujets les plus importants et les plus critiques se g\u00e8rent, d\u00e9sormais, \u00e0 travers le r\u00e9seau social facebook. La derni\u00e8re frasque, [&hellip;]<\/p>\n","protected":false},"author":1789,"featured_media":0,"comment_status":"closed","ping_status":"closed","sticky":false,"template":"","format":"standard","meta":{"fifu_image_url":"","fifu_image_alt":"","footnotes":""},"categories":[73,55],"tags":[],"class_list":["post-102213","post","type-post","status-publish","format-standard","hentry","category-actualite","category-tunisie"],"_links":{"self":[{"href":"https:\/\/linitiative.ca\/International\/wp-json\/wp\/v2\/posts\/102213","targetHints":{"allow":["GET"]}}],"collection":[{"href":"https:\/\/linitiative.ca\/International\/wp-json\/wp\/v2\/posts"}],"about":[{"href":"https:\/\/linitiative.ca\/International\/wp-json\/wp\/v2\/types\/post"}],"author":[{"embeddable":true,"href":"https:\/\/linitiative.ca\/International\/wp-json\/wp\/v2\/users\/1789"}],"replies":[{"embeddable":true,"href":"https:\/\/linitiative.ca\/International\/wp-json\/wp\/v2\/comments?post=102213"}],"version-history":[{"count":0,"href":"https:\/\/linitiative.ca\/International\/wp-json\/wp\/v2\/posts\/102213\/revisions"}],"wp:attachment":[{"href":"https:\/\/linitiative.ca\/International\/wp-json\/wp\/v2\/media?parent=102213"}],"wp:term":[{"taxonomy":"category","embeddable":true,"href":"https:\/\/linitiative.ca\/International\/wp-json\/wp\/v2\/categories?post=102213"},{"taxonomy":"post_tag","embeddable":true,"href":"https:\/\/linitiative.ca\/International\/wp-json\/wp\/v2\/tags?post=102213"}],"curies":[{"name":"wp","href":"https:\/\/api.w.org\/{rel}","templated":true}]}}