{"id":102216,"date":"2020-10-18T18:34:46","date_gmt":"2020-10-18T22:34:46","guid":{"rendered":"https:\/\/linitiative.ca\/International\/cooperation-transfrontaliere-dans-lespace-uemoa-les-acteurs-se-mobilisent-pour-reussir-la-periode-2021-2024\/"},"modified":"2020-10-18T18:34:46","modified_gmt":"2020-10-18T22:34:46","slug":"cooperation-transfrontaliere-dans-lespace-uemoa-les-acteurs-se-mobilisent-pour-reussir-la-periode-2021-2024","status":"publish","type":"post","link":"https:\/\/linitiative.ca\/International\/cooperation-transfrontaliere-dans-lespace-uemoa-les-acteurs-se-mobilisent-pour-reussir-la-periode-2021-2024\/","title":{"rendered":"Coop\u00e9ration transfrontali\u00e8re dans l\u2019espace UEMOA : Les acteurs se mobilisent pour r\u00e9ussir  la p\u00e9riode 2021-2024"},"content":{"rendered":"<div class=\"td-post-featured-image\" readability=\"32\"><a href=\"https:\/\/www.sidwaya.info\/wp-content\/uploads\/2020\/10\/ecco.jpg\" data-caption=\"Les experts et les PTF sont confiants de l&#x2019;acte 2 des programmes.\"><img loading=\"lazy\" decoding=\"async\" width=\"696\" height=\"464\" class=\"entry-thumb td-modal-image\" src=\"https:\/\/www.sidwaya.info\/wp-content\/uploads\/2020\/10\/ecco-696x464.jpg\" srcset=\"https:\/\/www.sidwaya.info\/wp-content\/uploads\/2020\/10\/ecco-696x464.jpg 696w, https:\/\/www.sidwaya.info\/wp-content\/uploads\/2020\/10\/ecco-300x200.jpg 300w, https:\/\/www.sidwaya.info\/wp-content\/uploads\/2020\/10\/ecco-768x512.jpg 768w, https:\/\/www.sidwaya.info\/wp-content\/uploads\/2020\/10\/ecco-630x420.jpg 630w, https:\/\/www.sidwaya.info\/wp-content\/uploads\/2020\/10\/ecco.jpg 787w\" sizes=\"auto, (max-width: 696px) 100vw, 696px\" alt=\"\" title=\"ecco\"\/><\/a>Les experts et les PTF sont confiants de l\u2019acte 2 des programmes.<\/div>\n<p><strong>L\u2019atelier de planification technique et budg\u00e9taire de mise en \u0153uvre du programme de coop\u00e9ration transfrontali\u00e8re locale, phase 2 et du Programme r\u00e9gional d\u2019appui \u00e0 la d\u00e9centralisation financi\u00e8re (PRADEF), s\u2019est achev\u00e9 le vendredi 16 octobre 2020 \u00e0 Ouagadougou.<\/strong><\/p>\n<p>Les Etats de l\u2019Union \u00e9conomique et mon\u00e9taire ouest africaine (UEMOA) font face \u00e0 d\u2019\u00e9normes d\u00e9fis li\u00e9s au d\u00e9veloppement des collectivit\u00e9s territoriales. Pour changer la donne et propulser ces entit\u00e9s locales dans un \u00e9lan de d\u00e9veloppement durable, l\u2019UEMOA et ses partenaires techniques et financiers, dont la coop\u00e9ration suisse, ont mis en place des strat\u00e9gies de planification technique et budg\u00e9taire de la mise en \u0153uvre du Programme de coop\u00e9ration transfrontali\u00e8re locale (PCTL), phase 2 et du Programme r\u00e9gional d\u2019appui \u00e0 la d\u00e9centralisation financi\u00e8re (PRADEF).<\/p>\n<p>Les responsables de ces programmes se sont retrouv\u00e9s du 14 au 16 octobre 2020 \u00e0 Ouagadougou pour planifier leur mise en \u0153uvre.<br \/>La rencontre a aussi permis de renforcer l\u2019implication des parties prenantes impliqu\u00e9es dans la mise en \u0153uvre au cours de la p\u00e9riode 2021-2024.<\/p>\n<p>Les r\u00e9flexions qui se sont d\u00e9roul\u00e9es en pr\u00e9sence d\u2019experts et des responsables de collectivit\u00e9s territoriales de l\u2019espace UEMOA ont aussi permis d\u2019analyser les documents de planification, de finaliser les outils de suivi et d\u2019\u00e9valuation et d\u2019identifier les possibilit\u00e9s de synergies avec les partenaires techniques et financiers pour plus d\u2019efficacit\u00e9.<br \/>La phase 2 du PCTL et le PRADEF constituent les programmes majeurs du Conseil des collectivit\u00e9s territoriales (CCT).<\/p>\n<p>Ils s\u2019inscrivent dans une logique d\u2019intervention bas\u00e9e sur une approche inclusive et une concertation permanente avec les diff\u00e9rentes parties prenantes. Le montant global est estim\u00e9 \u00e0 plus de 15 milliards F CFA, dont 11 milliards F CFA mobilis\u00e9s par la coop\u00e9ration suisse.<\/p>\n<p>Pour les responsables, le PRADEF permettra \u00e0 la fois les renforcements institutionnel et financier des collectivit\u00e9s territoriales comme institution de proximit\u00e9 ayant une autonomie politique et l\u2019am\u00e9lioration des services aux citoyens et la contribution au d\u00e9veloppement des territoires. Pour la phase 2 du programme, un montant global de plus 4 milliards francs CFA pour la p\u00e9riode 2020-2024 est pr\u00eat d\u2019\u00eatre lanc\u00e9.<\/p>\n<h3>Plusieurs infrastructures \u00e0 r\u00e9aliser<\/h3>\n<p>Pour le maire de la commune Lacs 1 (An\u00e9ho) au Tog ; Alexis Coffi Aquereburu, ce programme permettra le renforcement des capacit\u00e9s des communes en mettant en place une fonction territoriale comp\u00e9tente et la responsabilit\u00e9 des maires en tant qu\u2019\u00e9lu. \u00ab Nous avons travaill\u00e9 sur les choix des projets \u00e0 r\u00e9aliser, nous nous sommes pench\u00e9s sur les capacit\u00e9s techniques et financi\u00e8res des collectivit\u00e9s locales \u00bb, a-t-il signal\u00e9.<\/p>\n<p>Le PRADEF et le PCTL conna\u00eetront dans leur mise en \u0153uvre, le financement de plusieurs investissements d\u2019infrastructures telles que les routes, les \u00e9coles, les march\u00e9s etc. La responsable du portefeuille gouvernance de la Coop\u00e9ration suisse, bas\u00e9e au B\u00e9nin, M\u00e9lanie Buch, s\u2019est dit satisfaite de la mise en \u0153uvre des programmes au sein des diff\u00e9rentes collectivit\u00e9s \u00ab La coop\u00e9ration continuera d\u2019accompagner le programme et l\u2019UEMOA.<\/p>\n<p>Ce sera maintenant aux fa\u00eeti\u00e8res et aux acteurs locaux d\u2019assurer les ma\u00eetrises d\u2019ouvrage et le suivi des travaux sur le terrain \u00bb, a-t-elle laiss\u00e9 entendre. Le PRADEF et le PCTL visent, en autres, le renforcement institutionnel et financier des collectivit\u00e9s territoriales et l\u2019am\u00e9lioration des services aux citoyens pour la contribution au d\u00e9veloppement local.<\/p>\n<p class=\"c1\"><strong>Cr\u00e9pin Albert OUEDRAOGO<\/strong><br \/>(Stagiaire)<\/p>\n<div class=\"td-a-rec td-a-rec-id-content_bottom tdi_30_55f td_block_template_1\"><img loading=\"lazy\" decoding=\"async\" class=\"aligncenter size-full wp-image-27454\" src=\"https:\/\/www.sidwaya.info\/wp-content\/uploads\/2020\/10\/PUB-Bandeau-paiement-mobile-siteweb.jpg\" alt=\"\" width=\"728\" height=\"90\"\/><\/div>\n<p>Auteur: JK. Sidwaya<br \/>\n<a href=\"https:\/\/www.sidwaya.info\/blog\/2020\/10\/18\/cooperation-transfrontaliere-dans-lespace-uemoa-les-acteurs-se-mobilisent-pour-reussir-la-periode-2021-2024\/\">Cliquez ici pour lire l&rsquo;article depuis sa source.<\/a><\/p>\n","protected":false},"excerpt":{"rendered":"<p>Les experts et les PTF sont confiants de l\u2019acte 2 des programmes. L\u2019atelier de planification technique et budg\u00e9taire de mise en \u0153uvre du programme de coop\u00e9ration transfrontali\u00e8re locale, phase 2 et du Programme r\u00e9gional d\u2019appui \u00e0 la d\u00e9centralisation financi\u00e8re (PRADEF), s\u2019est achev\u00e9 le vendredi 16 octobre 2020 \u00e0 Ouagadougou. Les Etats de l\u2019Union \u00e9conomique et [&hellip;]<\/p>\n","protected":false},"author":1816,"featured_media":102217,"comment_status":"closed","ping_status":"closed","sticky":false,"template":"","format":"standard","meta":{"fifu_image_url":"","fifu_image_alt":"","footnotes":""},"categories":[73,81],"tags":[],"class_list":["post-102216","post","type-post","status-publish","format-standard","has-post-thumbnail","hentry","category-actualite","category-burkina-faso"],"_links":{"self":[{"href":"https:\/\/linitiative.ca\/International\/wp-json\/wp\/v2\/posts\/102216","targetHints":{"allow":["GET"]}}],"collection":[{"href":"https:\/\/linitiative.ca\/International\/wp-json\/wp\/v2\/posts"}],"about":[{"href":"https:\/\/linitiative.ca\/International\/wp-json\/wp\/v2\/types\/post"}],"author":[{"embeddable":true,"href":"https:\/\/linitiative.ca\/International\/wp-json\/wp\/v2\/users\/1816"}],"replies":[{"embeddable":true,"href":"https:\/\/linitiative.ca\/International\/wp-json\/wp\/v2\/comments?post=102216"}],"version-history":[{"count":0,"href":"https:\/\/linitiative.ca\/International\/wp-json\/wp\/v2\/posts\/102216\/revisions"}],"wp:featuredmedia":[{"embeddable":true,"href":"https:\/\/linitiative.ca\/International\/wp-json\/"}],"wp:attachment":[{"href":"https:\/\/linitiative.ca\/International\/wp-json\/wp\/v2\/media?parent=102216"}],"wp:term":[{"taxonomy":"category","embeddable":true,"href":"https:\/\/linitiative.ca\/International\/wp-json\/wp\/v2\/categories?post=102216"},{"taxonomy":"post_tag","embeddable":true,"href":"https:\/\/linitiative.ca\/International\/wp-json\/wp\/v2\/tags?post=102216"}],"curies":[{"name":"wp","href":"https:\/\/api.w.org\/{rel}","templated":true}]}}