{"id":102218,"date":"2020-10-18T18:44:32","date_gmt":"2020-10-18T22:44:32","guid":{"rendered":"https:\/\/linitiative.ca\/International\/journee-mondiale-de-lalimentation-recherche-de-solutions-pour-une-securite-alimentaire\/"},"modified":"2020-10-18T18:44:32","modified_gmt":"2020-10-18T22:44:32","slug":"journee-mondiale-de-lalimentation-recherche-de-solutions-pour-une-securite-alimentaire","status":"publish","type":"post","link":"https:\/\/linitiative.ca\/International\/journee-mondiale-de-lalimentation-recherche-de-solutions-pour-une-securite-alimentaire\/","title":{"rendered":"Journ\u00e9e mondiale de l\u2019alimentation : Recherche de solutions pour une s\u00e9curit\u00e9  alimentaire"},"content":{"rendered":"<div class=\"td-post-featured-image\" readability=\"33\"><a href=\"https:\/\/www.sidwaya.info\/wp-content\/uploads\/2020\/10\/ruban.jpg\" data-caption=\"Par la coupure du ruban, la foire de la 40e Journ&#xE9;e est ouverte.\"><img loading=\"lazy\" decoding=\"async\" width=\"696\" height=\"264\" class=\"entry-thumb td-modal-image\" src=\"https:\/\/www.sidwaya.info\/wp-content\/uploads\/2020\/10\/ruban-696x264.jpg\" srcset=\"https:\/\/www.sidwaya.info\/wp-content\/uploads\/2020\/10\/ruban-696x264.jpg 696w, https:\/\/www.sidwaya.info\/wp-content\/uploads\/2020\/10\/ruban-300x114.jpg 300w, https:\/\/www.sidwaya.info\/wp-content\/uploads\/2020\/10\/ruban-768x292.jpg 768w, https:\/\/www.sidwaya.info\/wp-content\/uploads\/2020\/10\/ruban.jpg 787w\" sizes=\"auto, (max-width: 696px) 100vw, 696px\" alt=\"\" title=\"ruban\"\/><\/a>Par la coupure du ruban, la foire de la 40e Journ\u00e9e est ouverte.<\/div>\n<p><strong>Le minist\u00e8re de l\u2019Agriculture et des Am\u00e9nagements hydroagricoles, en collaboration avec la repr\u00e9sentation de la FAO au Burkina Faso a c\u00e9l\u00e9br\u00e9 le vendredi 16 octobre 2020 \u00e0 D\u00e9dougou la 40e Journ\u00e9e mondiale de l\u2019alimentation.<\/strong><\/p>\n<p>Le monde entier c\u00e9l\u00e8bre chaque ann\u00e9e le 16 octobre, date anniversaire de la cr\u00e9ation de l\u2019Organisation des Nations unies pour l\u2019alimentation et l\u2019agriculture (FAO), la Journ\u00e9e mondiale de l\u2019alimentation (JMA).<br \/>Cette ann\u00e9e, c\u2019est D\u00e9dougou, chef-lieu de la r\u00e9gion de la Boucle du Mouhoun, qui a accueilli les festivit\u00e9s de la IVe \u00e9dition. Organis\u00e9e par le minist\u00e8re de l\u2019Agriculture et des Am\u00e9nagements hydroagricoles en partenariat avec la repr\u00e9sentation de la FAO au Burkina Faso autour du th\u00e8me \u00ab Cultiver, nourrir, pr\u00e9server ensemble, agir pour l\u2019avenir \u00bb, la c\u00e9l\u00e9bration a permis aux producteurs, structures et associations \u0153uvrant dans l\u2019alimentation d\u2019exposer leurs produits et savoir-faire dans le domaine sur un site d\u00e9di\u00e9 \u00e0 cela.<\/p>\n<p>Pour le ministre en charge de l\u2019agriculture, Salifou Ou\u00e9draogo, cette journ\u00e9e vise \u00e0 renforcer la sensibilisation et l\u2019action en faveur des personnes victimes de la faim dans le monde et garantir leur s\u00e9curit\u00e9 alimentaire. Car, selon lui, dans le monde, plus de deux milliards de personnes n\u2019ont pas un acc\u00e8s r\u00e9gulier \u00e0 une alimentation s\u00fbre. Au Burkina, la s\u00e9curit\u00e9 alimentaire et nutritionnelle demeure un d\u00e9fi permanent pour le gouvernement et ses partenaires.<\/p>\n<p>\u00ab En plus de la sous-alimentation, notre communaut\u00e9 est confront\u00e9e au ph\u00e9nom\u00e8ne de la mondialisation qui favorise l\u2019abandon des mets traditionnels au profit des mets modernes. Ce qui conduit \u00e0 une augmentation de maladies de surcharge comme l\u2019ob\u00e9sit\u00e9, le diab\u00e8te, les maladies cardio-vasculaires \u00bb, a-t-il regrett\u00e9. Face \u00e0 cette situation, a-t-il soulign\u00e9, il est n\u00e9cessaire de changer de mode de production, d\u2019approvisionnement et de consommation. \u00ab De la ferme \u00e0 l\u2019assiette, nos syst\u00e8mes alimentaires actuels doivent favoriser la production de denr\u00e9es de base \u00e0 haute valeur nutritive \u00bb, a-t-il \u00e9mis.<\/p>\n<h3>Renforcer les syst\u00e8mes de production nationaux<\/h3>\n<p><img decoding=\"async\" loading=\"lazy\" class=\"size-medium wp-image-27971\" src=\"https:\/\/www.sidwaya.info\/wp-content\/uploads\/2020\/10\/alimmz-300x169.jpg\" alt=\"\" width=\"300\" height=\"169\" srcset=\"https:\/\/www.sidwaya.info\/wp-content\/uploads\/2020\/10\/alimmz-300x169.jpg 300w, https:\/\/www.sidwaya.info\/wp-content\/uploads\/2020\/10\/alimmz-768x432.jpg 768w, https:\/\/www.sidwaya.info\/wp-content\/uploads\/2020\/10\/alimmz-696x392.jpg 696w, https:\/\/www.sidwaya.info\/wp-content\/uploads\/2020\/10\/alimmz-746x420.jpg 746w, https:\/\/www.sidwaya.info\/wp-content\/uploads\/2020\/10\/alimmz.jpg 787w\" sizes=\"auto, (max-width: 300px) 100vw, 300px\"\/>Le ministre en charge de l\u2019agriculture, Salifou Ou\u00e9draogo, le parrain, Stanislas Ouaro et le repr\u00e9sentant de la FAO ont encourag\u00e9 la consommation locale.<\/p>\n<p>Quant au parrain, le ministre Stanislas Ouaro, le th\u00e8me de cette journ\u00e9e est interpellateur, car il exhorte tous \u00e0 \u0153uvrer pour \u00e9liminer la faim et la malnutrition sous toutes ses formes.<br \/>Il est important pour lui, entre autres, de respecter les mesures nationales visant \u00e0 prot\u00e9ger la qualit\u00e9 des produits, d\u2019adopter de nouvelles technologies d\u2019approvisionnement, de contribuer \u00e0 p\u00e9renniser les cantines scolaires par la promotion effective d\u2019une cantine endog\u00e8ne. Il a rappel\u00e9 que le Burkina Faso est touch\u00e9 par cette ins\u00e9curit\u00e9 alimentaire avec 2,15 millions de personnes depuis le mois de mai dernier et plus de 300 mille enfants de moins de cinq ans souffrant de malnutrition aig\u00fce.<\/p>\n<p>Le repr\u00e9sentant de la FAO au Burkina, Dauda Sau, de confirmer que le pays fait face \u00e0 un de ses plus grands d\u00e9fis concernant la crise des d\u00e9plac\u00e9s internes. Le changement climatique, l\u2019impact de la COVID-19 et l\u2019ins\u00e9curit\u00e9 sont les principaux facteurs de cette ins\u00e9curit\u00e9 croissante au Burkina Faso, a-t-il \u00e9num\u00e9r\u00e9.<\/p>\n<p>Son institution, a-t-il dit, est proche de la population et des autorit\u00e9s pour faire face \u00e0 ces d\u00e9fis. Mais, a-t-il soulign\u00e9, le souci n\u2019est pas seulement de se focaliser sur les r\u00e9ponses imm\u00e9diates mais d\u2019int\u00e9grer les capacit\u00e9s de r\u00e9silience des communaut\u00e9s \u00e0 faire face \u00e0 ces crises et mieux les aider \u00e0 g\u00e9rer les chocs pr\u00e9sents et futurs.<\/p>\n<p>Pour combattre les causes profondes et atteindre l\u2019objectif faim Z\u00e9ro, a-t-il annonc\u00e9, les trois agences bas\u00e9es \u00e0 Rome, la FAO, le Programme alimentaire mondiale (PAM), le Fonds international de d\u00e9veloppement agricole (FIDA), s\u2019engagent \u00e0 continuer de renforcer les syst\u00e8mes nationaux de production, \u00e0 soutenir les cha\u00eene de l\u2019alimentation, le pouvoir d\u2019achat des personnes les plus vuln\u00e9rables et renforcer la r\u00e9silience des populations burkinab\u00e8.<\/p>\n<p class=\"c1\"><strong>Adama SEDGO<\/strong><\/p>\n<div class=\"td-a-rec td-a-rec-id-content_bottom tdi_30_850 td_block_template_1\"><img loading=\"lazy\" decoding=\"async\" class=\"aligncenter size-full wp-image-27454\" src=\"https:\/\/www.sidwaya.info\/wp-content\/uploads\/2020\/10\/PUB-Bandeau-paiement-mobile-siteweb.jpg\" alt=\"\" width=\"728\" height=\"90\"\/><\/div>\n<p>Auteur: JK. Sidwaya<br \/>\n<a href=\"https:\/\/www.sidwaya.info\/blog\/2020\/10\/18\/journee-mondiale-de-lalimentation-recherche-de-solutions-pour-une-securite-alimentaire\/\">Cliquez ici pour lire l&rsquo;article depuis sa source.<\/a><\/p>\n","protected":false},"excerpt":{"rendered":"<p>Par la coupure du ruban, la foire de la 40e Journ\u00e9e est ouverte. Le minist\u00e8re de l\u2019Agriculture et des Am\u00e9nagements hydroagricoles, en collaboration avec la repr\u00e9sentation de la FAO au Burkina Faso a c\u00e9l\u00e9br\u00e9 le vendredi 16 octobre 2020 \u00e0 D\u00e9dougou la 40e Journ\u00e9e mondiale de l\u2019alimentation. Le monde entier c\u00e9l\u00e8bre chaque ann\u00e9e le 16 [&hellip;]<\/p>\n","protected":false},"author":1816,"featured_media":102219,"comment_status":"closed","ping_status":"closed","sticky":false,"template":"","format":"standard","meta":{"fifu_image_url":"","fifu_image_alt":"","footnotes":""},"categories":[73,81],"tags":[],"class_list":["post-102218","post","type-post","status-publish","format-standard","has-post-thumbnail","hentry","category-actualite","category-burkina-faso"],"_links":{"self":[{"href":"https:\/\/linitiative.ca\/International\/wp-json\/wp\/v2\/posts\/102218","targetHints":{"allow":["GET"]}}],"collection":[{"href":"https:\/\/linitiative.ca\/International\/wp-json\/wp\/v2\/posts"}],"about":[{"href":"https:\/\/linitiative.ca\/International\/wp-json\/wp\/v2\/types\/post"}],"author":[{"embeddable":true,"href":"https:\/\/linitiative.ca\/International\/wp-json\/wp\/v2\/users\/1816"}],"replies":[{"embeddable":true,"href":"https:\/\/linitiative.ca\/International\/wp-json\/wp\/v2\/comments?post=102218"}],"version-history":[{"count":0,"href":"https:\/\/linitiative.ca\/International\/wp-json\/wp\/v2\/posts\/102218\/revisions"}],"wp:featuredmedia":[{"embeddable":true,"href":"https:\/\/linitiative.ca\/International\/wp-json\/"}],"wp:attachment":[{"href":"https:\/\/linitiative.ca\/International\/wp-json\/wp\/v2\/media?parent=102218"}],"wp:term":[{"taxonomy":"category","embeddable":true,"href":"https:\/\/linitiative.ca\/International\/wp-json\/wp\/v2\/categories?post=102218"},{"taxonomy":"post_tag","embeddable":true,"href":"https:\/\/linitiative.ca\/International\/wp-json\/wp\/v2\/tags?post=102218"}],"curies":[{"name":"wp","href":"https:\/\/api.w.org\/{rel}","templated":true}]}}