{"id":102222,"date":"2020-10-19T05:40:46","date_gmt":"2020-10-19T09:40:46","guid":{"rendered":"https:\/\/linitiative.ca\/International\/reconciliation-promise-en-2021-par-le-president-du-faso-un-argument-electoral-selon-lopposition-politique\/"},"modified":"2020-10-19T05:40:46","modified_gmt":"2020-10-19T09:40:46","slug":"reconciliation-promise-en-2021-par-le-president-du-faso-un-argument-electoral-selon-lopposition-politique","status":"publish","type":"post","link":"https:\/\/linitiative.ca\/International\/reconciliation-promise-en-2021-par-le-president-du-faso-un-argument-electoral-selon-lopposition-politique\/","title":{"rendered":"R\u00e9conciliation promise en 2021 par le pr\u00e9sident du Faso: Un argument \u00e9lectoral, selon l\u2019opposition politique"},"content":{"rendered":"<div class=\"td-post-featured-image\"><a href=\"https:\/\/www.sidwaya.info\/wp-content\/uploads\/2020\/10\/CFOP.jpg\" data-caption=\"\"><img loading=\"lazy\" decoding=\"async\" width=\"532\" height=\"299\" class=\"entry-thumb td-modal-image\" src=\"https:\/\/www.sidwaya.info\/wp-content\/uploads\/2020\/10\/CFOP.jpg\" srcset=\"https:\/\/www.sidwaya.info\/wp-content\/uploads\/2020\/10\/CFOP.jpg 532w, https:\/\/www.sidwaya.info\/wp-content\/uploads\/2020\/10\/CFOP-300x169.jpg 300w\" sizes=\"auto, (max-width: 532px) 100vw, 532px\" alt=\"\" title=\"CFOP\"\/><\/a><\/div>\n<p><strong>Le Pr\u00e9sident du Faso, Roch Marc Christian Kabor\u00e9, a\u00a0 promis le retour des exil\u00e9s politiques d\u00e8s le premier semestre de 2021, s\u2019il est r\u00e9\u00e9lu. Pour l\u2019opposition politique, cette proposition du pr\u00e9sident\u00a0 sortant est un banal\u00a0 argument \u00e9lectoral brandi sous forme de chantage pour obtenir les suffrages des partisans des exil\u00e9s.<\/strong><\/p>\n<p><strong>\u00a0<\/strong>A la faveur d\u2019une interview qu\u2019il a accord\u00e9e aux m\u00e9dias fran\u00e7ais France 24 et RFI, et diffus\u00e9e le 15 octobre 2020, le Pr\u00e9sident du Faso a promis le retour des exil\u00e9s politiques d\u00e8s le premier semestre de 2021, s\u2019il est r\u00e9\u00e9lu.<\/p>\n<p>Par cette d\u00e9claration, le Pr\u00e9sident KABORE reconna\u00eet tardivement que notre pays a un probl\u00e8me de r\u00e9conciliation, et qu\u2019en cinq ann\u00e9es de gouvernance, il n\u2019a pas accord\u00e9 \u00e0 cette question hautement vitale pour notre pays, l\u2019attention qu\u2019elle m\u00e9ritait.<\/p>\n<p>La question de la r\u00e9conciliation n\u2019est pas nouvelle, et \u00a0la main tendue de l\u2019ancien pr\u00e9sident Blaise COMPAORE, que le Pr\u00e9sident KABORE a \u00e9voqu\u00e9e au d\u00e9tour d\u2019une phrase, date d\u2019avril 2019. Malgr\u00e9 les appels incessants de l\u2019opinion nationale, et les conseils avis\u00e9s de nos partenaires, le Pr\u00e9sident KABORE n\u2019a pas daign\u00e9 donner une suite \u00e0 cette manifestation de bonne volont\u00e9 de l\u2019ancien Chef d\u2019Etat.<\/p>\n<p>Les Burkinab\u00e8 sont t\u00e9moins que, pour sa part, l\u2019Opposition politique a toujours fait de la r\u00e9conciliation nationale une de ses revendications. En d\u00e9but d\u2019ann\u00e9e, elle a m\u00eame envoy\u00e9 \u00a0au Chef de l\u2019Etat un m\u00e9morandum sur sa vision de la r\u00e9conciliation nationale et la d\u00e9marche qui lui paraissait indiqu\u00e9e pour y parvenir. Dans ce m\u00e9morandum dat\u00e9 du 6 f\u00e9vrier 2020, et dont une copie est jointe \u00e0 ce texte, le Forum de la R\u00e9conciliation devait se tenir en juin 2020.<\/p>\n<p>En devenant subitement adepte de la r\u00e9conciliation nationale juste quelques jours avant l\u2019ouverture de la campagne \u00e9lectorale, et en liant sa d\u00e9marche de r\u00e9conciliation \u00e0 son \u00e9ventuelle r\u00e9\u00e9lection, le Pr\u00e9sident sortant, Roch KABORE, montre clairement que pour lui, la r\u00e9conciliation n\u2019est pas une n\u00e9cessit\u00e9 pour l\u2019avenir du pays. Il voit plut\u00f4t la r\u00e9conciliation comme un banal \u00a0argument \u00e9lectoral brandi sous forme de chantage pour obtenir les suffrages des partisans des exil\u00e9s.<\/p>\n<p>De mon point de vue, la question de la r\u00e9conciliation ne doit pas \u00eatre li\u00e9e \u00e0 des calculs \u00e9lectoralistes. On va \u00e0 la r\u00e9conciliation si on pense qu\u2019elle est n\u00e9cessaire pour notre pays. C\u2019est d\u2019ailleurs ici que l\u2019on comprend l\u2019apathie du pr\u00e9sident sortant sur cette question durant les cinq ann\u00e9es de son mandat. Qu\u2019est ce qui l\u2019a emp\u00each\u00e9 de lancer le processus de r\u00e9conciliation en 2016, en 2017, en 2018\u00a0ou en 2019\u00a0? Rien\u00a0! Pourquoi le pr\u00e9sident sortant ferait-il en 2021 ce qu\u2019il n\u2019a pas voulu faire durant son\u00a0 premier mandat\u00a0? \u00a0Si malgr\u00e9 son bilan catastrophique et contre toute attente, les Burkinab\u00e8 r\u00e9\u00e9lisent M. KABORE, il sera \u00e0 son dernier mandat. Quel int\u00e9r\u00eat aurait-il alors \u00e0 honorer ses promesses? Aucune, puisqu\u2019il ne solliciterait pas de nouveau mandat.<\/p>\n<p>La classe politique doit faire de la r\u00e9conciliation nationale, non pas une question conjoncturelle autour de laquelle se noue un deal entre politiciens, mais une th\u00e9rapie profonde pour gu\u00e9rir le Burkina Faso de ses blessures.<\/p>\n<p>C\u2019est sur ce registre que devrait s\u2019inscrire le premier des Burkinab\u00e8.<\/p>\n<p class=\"c1\"><strong>Ouagadougou, le 17 octobre 2020<\/strong><\/p>\n<p class=\"c1\"><strong>Le Chef de file de l\u2019Opposition politique<\/strong><\/p>\n<p class=\"c1\"><strong>\u00a0<\/strong><\/p>\n<p class=\"c1\"><strong>Z\u00e9phirin DIABRE<\/strong><\/p>\n<p><strong>lire la Version PDF du <a href=\"https:\/\/www.sidwaya.info\/wp-content\/uploads\/2020\/10\/MEMO-RECONCILIATION-CFOP-1.pdf\">MEMO RECONCILIATION CFOP<\/a><\/strong><\/p>\n<div class=\"td-a-rec td-a-rec-id-content_bottom tdi_30_898 td_block_template_1\"><img loading=\"lazy\" decoding=\"async\" class=\"aligncenter size-full wp-image-27454\" src=\"https:\/\/www.sidwaya.info\/wp-content\/uploads\/2020\/10\/PUB-Bandeau-paiement-mobile-siteweb.jpg\" alt=\"\" width=\"728\" height=\"90\"\/><\/div>\n<p>Auteur: BS. Sidwaya<br \/>\n<a href=\"https:\/\/www.sidwaya.info\/blog\/2020\/10\/19\/reconciliation-promise-en-2021-par-le-president-du-faso-un-argument-electoral-selon-lopposition-politique\/\">Cliquez ici pour lire l&rsquo;article depuis sa source.<\/a><\/p>\n","protected":false},"excerpt":{"rendered":"<p>Le Pr\u00e9sident du Faso, Roch Marc Christian Kabor\u00e9, a\u00a0 promis le retour des exil\u00e9s politiques d\u00e8s le premier semestre de 2021, s\u2019il est r\u00e9\u00e9lu. Pour l\u2019opposition politique, cette proposition du pr\u00e9sident\u00a0 sortant est un banal\u00a0 argument \u00e9lectoral brandi sous forme de chantage pour obtenir les suffrages des partisans des exil\u00e9s. \u00a0A la faveur d\u2019une interview [&hellip;]<\/p>\n","protected":false},"author":1816,"featured_media":102223,"comment_status":"closed","ping_status":"closed","sticky":false,"template":"","format":"standard","meta":{"fifu_image_url":"","fifu_image_alt":"","footnotes":""},"categories":[73,81],"tags":[],"class_list":["post-102222","post","type-post","status-publish","format-standard","has-post-thumbnail","hentry","category-actualite","category-burkina-faso"],"_links":{"self":[{"href":"https:\/\/linitiative.ca\/International\/wp-json\/wp\/v2\/posts\/102222","targetHints":{"allow":["GET"]}}],"collection":[{"href":"https:\/\/linitiative.ca\/International\/wp-json\/wp\/v2\/posts"}],"about":[{"href":"https:\/\/linitiative.ca\/International\/wp-json\/wp\/v2\/types\/post"}],"author":[{"embeddable":true,"href":"https:\/\/linitiative.ca\/International\/wp-json\/wp\/v2\/users\/1816"}],"replies":[{"embeddable":true,"href":"https:\/\/linitiative.ca\/International\/wp-json\/wp\/v2\/comments?post=102222"}],"version-history":[{"count":0,"href":"https:\/\/linitiative.ca\/International\/wp-json\/wp\/v2\/posts\/102222\/revisions"}],"wp:featuredmedia":[{"embeddable":true,"href":"https:\/\/linitiative.ca\/International\/wp-json\/"}],"wp:attachment":[{"href":"https:\/\/linitiative.ca\/International\/wp-json\/wp\/v2\/media?parent=102222"}],"wp:term":[{"taxonomy":"category","embeddable":true,"href":"https:\/\/linitiative.ca\/International\/wp-json\/wp\/v2\/categories?post=102222"},{"taxonomy":"post_tag","embeddable":true,"href":"https:\/\/linitiative.ca\/International\/wp-json\/wp\/v2\/tags?post=102222"}],"curies":[{"name":"wp","href":"https:\/\/api.w.org\/{rel}","templated":true}]}}