{"id":102224,"date":"2020-10-19T16:18:04","date_gmt":"2020-10-19T20:18:04","guid":{"rendered":"https:\/\/linitiative.ca\/International\/loif-va-envoyer-une-centaine-de-professeurs-de-francais-au-rwanda\/"},"modified":"2020-10-19T16:18:04","modified_gmt":"2020-10-19T20:18:04","slug":"loif-va-envoyer-une-centaine-de-professeurs-de-francais-au-rwanda","status":"publish","type":"post","link":"https:\/\/linitiative.ca\/International\/loif-va-envoyer-une-centaine-de-professeurs-de-francais-au-rwanda\/","title":{"rendered":"L\u2019OIF va envoyer une centaine de professeurs de fran\u00e7ais au Rwanda"},"content":{"rendered":"<div readability=\"32\">\n<p>Publi\u00e9 le 19.10.2020 \u00e0 21h18 par APA News<\/p>\n<\/div>\n<div readability=\"80\">\n<p>L\u2019Organisation internationale de la francophonie (OIF) pr\u00e9voit d\u2019envoyer jusqu\u2019\u00e0 100 enseignants au Rwanda au cours des deux prochaines ann\u00e9es dans le cadre d\u2019un projet visant \u00e0 am\u00e9liorer l\u2019enseignement du fran\u00e7ais dans ses Etats membres, a d\u00e9clar\u00e9 lundi \u00e0 Kigali, un haut responsable de cette organisation regroupant des pays francophones.Lors de la r\u00e9ouverture des \u00e9coles pr\u00e9vue en novembre, ces enseignants seront d\u00e9ploy\u00e9s dans des \u00e9coles de diff\u00e9rentes r\u00e9gions du pays, la majorit\u00e9 d\u2019entre eux dans des coll\u00e8ges de formation des enseignants (TTC), a d\u00e9clar\u00e9 Iyade Khalaf, le chef du projet de mobilit\u00e9 des enseignants de l\u2019OIF.<\/p>\n<p>Pendant une p\u00e9riode de deux ans (un an renouvelable), ils enseigneront \u00e0 la fois le fran\u00e7ais aux \u00e9tudiants et formeront des coll\u00e8gues professeurs.<\/p>\n<p>On s\u2019attend \u00e0 ce que pour l\u2019ann\u00e9e prochaine, le projet soit \u00e9tendu \u00e0 d\u2019autres pays, notamment le Ghana, Madagascar, la Guin\u00e9e Conakry et le Liban.<\/p>\n<p>Au Rwanda, l\u2019initiative est mise en \u0153uvre par la Francophonie en partenariat avec le minist\u00e8re de l\u2019Education par le biais du Rwanda Education Board (Conseil de l\u2019Education au Rwanda).<\/p>\n<p>Avant que les enseignants ne se rendent en classe, ils se sont lanc\u00e9s dans une semaine d\u2019ateliers d\u2019orientation et de formation sur le contexte \u00e9ducatif et sociolinguistique du Rwanda, et d\u2019\u00e9changes de pratiques sur l\u2019enseignement du fran\u00e7ais comme langue \u00e9trang\u00e8re, a-t-il pr\u00e9cis\u00e9.<\/p>\n<p>Accompagn\u00e9 de l\u2019expertise de l\u2019OIF, le Rwanda va \u00e9laborer un plan national d\u2019enseignement et d\u2019apprentissage du fran\u00e7ais, li\u00e9 \u00e0 la strat\u00e9gie du secteur de l\u2019\u00e9ducation du pays, a-t-il pr\u00e9cis\u00e9.<\/p>\n<p>Khalaf a not\u00e9 que la revitalisation de la langue fran\u00e7aise pourrait favoriser le d\u00e9veloppement de l\u2019int\u00e9gration \u00e9conomique du Rwanda dans la r\u00e9gion.<\/p>\n<p>\u00ab Le Rwanda a de nombreux pays voisins dont le fran\u00e7ais est la langue officielle. Ainsi, si vous utilisez la langue fran\u00e7aise, vous aurez plus d\u2019opportunit\u00e9s professionnelles pour travailler avec ces pays \u00bb, a-t-il d\u00e9clar\u00e9.<\/p>\n<\/div>\n<p>Auteur: APA News<br \/>\n<a href=\"https:\/\/www.journalducameroun.com\/loif-va-envoyer-une-centaine-de-professeurs-de-francais-au-rwanda\/\">Cliquez ici pour lire l&rsquo;article depuis sa source.<\/a><\/p>\n","protected":false},"excerpt":{"rendered":"<p>Publi\u00e9 le 19.10.2020 \u00e0 21h18 par APA News L\u2019Organisation internationale de la francophonie (OIF) pr\u00e9voit d\u2019envoyer jusqu\u2019\u00e0 100 enseignants au Rwanda au cours des deux prochaines ann\u00e9es dans le cadre d\u2019un projet visant \u00e0 am\u00e9liorer l\u2019enseignement du fran\u00e7ais dans ses Etats membres, a d\u00e9clar\u00e9 lundi \u00e0 Kigali, un haut responsable de cette organisation regroupant des [&hellip;]<\/p>\n","protected":false},"author":1965,"featured_media":0,"comment_status":"closed","ping_status":"closed","sticky":false,"template":"","format":"standard","meta":{"fifu_image_url":"","fifu_image_alt":"","footnotes":""},"categories":[73,82],"tags":[],"class_list":["post-102224","post","type-post","status-publish","format-standard","hentry","category-actualite","category-cameroun"],"_links":{"self":[{"href":"https:\/\/linitiative.ca\/International\/wp-json\/wp\/v2\/posts\/102224","targetHints":{"allow":["GET"]}}],"collection":[{"href":"https:\/\/linitiative.ca\/International\/wp-json\/wp\/v2\/posts"}],"about":[{"href":"https:\/\/linitiative.ca\/International\/wp-json\/wp\/v2\/types\/post"}],"author":[{"embeddable":true,"href":"https:\/\/linitiative.ca\/International\/wp-json\/wp\/v2\/users\/1965"}],"replies":[{"embeddable":true,"href":"https:\/\/linitiative.ca\/International\/wp-json\/wp\/v2\/comments?post=102224"}],"version-history":[{"count":0,"href":"https:\/\/linitiative.ca\/International\/wp-json\/wp\/v2\/posts\/102224\/revisions"}],"wp:attachment":[{"href":"https:\/\/linitiative.ca\/International\/wp-json\/wp\/v2\/media?parent=102224"}],"wp:term":[{"taxonomy":"category","embeddable":true,"href":"https:\/\/linitiative.ca\/International\/wp-json\/wp\/v2\/categories?post=102224"},{"taxonomy":"post_tag","embeddable":true,"href":"https:\/\/linitiative.ca\/International\/wp-json\/wp\/v2\/tags?post=102224"}],"curies":[{"name":"wp","href":"https:\/\/api.w.org\/{rel}","templated":true}]}}