{"id":102225,"date":"2020-10-19T17:18:04","date_gmt":"2020-10-19T21:18:04","guid":{"rendered":"https:\/\/linitiative.ca\/International\/washington-va-proceder-a-la-construction-dun-consulat-au-maroc-pour-un-cout-de-312-millions-de-dollars\/"},"modified":"2020-10-19T17:18:04","modified_gmt":"2020-10-19T21:18:04","slug":"washington-va-proceder-a-la-construction-dun-consulat-au-maroc-pour-un-cout-de-312-millions-de-dollars","status":"publish","type":"post","link":"https:\/\/linitiative.ca\/International\/washington-va-proceder-a-la-construction-dun-consulat-au-maroc-pour-un-cout-de-312-millions-de-dollars\/","title":{"rendered":"Washington va proc\u00e9der \u00e0 la construction d\u2019un consulat au Maroc pour un co\u00fbt de 312 millions de dollars"},"content":{"rendered":"<div readability=\"32\">\n<p>Publi\u00e9 le 19.10.2020 \u00e0 22h18 par APA News<\/p>\n<\/div>\n<div readability=\"84\">\n<p>Les Etats Unis d\u2019Am\u00e9rique vont construire l\u2019un des \u00e9difices diplomatiques les plus modernes, \u00e0 savoir un nouveau consulat g\u00e9n\u00e9ral \u00e0 Casablanca d\u2019un budget de 312 millions de dollars, a annonc\u00e9 lundi \u00e0 Rabat, le Secr\u00e9taire d\u2019Etat adjoint am\u00e9ricain en charge du Moyen-Orient, David Schenker.La construction de cet \u00e9difice incarne une autre r\u00e9alisation dans l\u2019histoire de notre amiti\u00e9 ancestrale qui sera davantage ancr\u00e9e dans le futur \u00bb, a-t-il dit dans une d\u00e9claration \u00e0 la presse \u00e0 l\u2019issue de sa rencontre avec le ministre marocain des Affaires \u00e9trang\u00e8res, Nasser Bourita.<\/p>\n<p>Le responsable am\u00e9ricain a par ailleurs a affirm\u00e9 que son pays salue le leadership continu et pr\u00e9cieux du Roi Mohammed VI dans les questions d\u2019int\u00e9r\u00eat commun telles que la paix au Moyen Orient, ainsi que la stabilit\u00e9, la s\u00e9curit\u00e9 et le d\u00e9veloppement dans cette r\u00e9gion et sur l\u2019ensemble du continent africain.<\/p>\n<p>Il a ajout\u00e9 que le Royaume est un partenaire \u00e9troit des \u00c9tats-Unis dans un ensemble de questions li\u00e9es \u00e0 la s\u00e9curit\u00e9, sachant qu\u2019il participe chaque ann\u00e9e \u00e0 plus de 100 op\u00e9rations militaires am\u00e9ricaines dont l\u2019op\u00e9ration \u00ab African Lion \u00bb.<\/p>\n<p>David Schenker a notamment rappel\u00e9 que dans le cadre de sa visite r\u00e9cente dans le Royaume, le secr\u00e9taire am\u00e9ricain \u00e0 la D\u00e9fense Mark Esper avait sign\u00e9 une feuille de route d\u00e9cennale (2020-2030) de coop\u00e9ration militaire bilat\u00e9rale, qui constitue un symbole de notre coop\u00e9ration strat\u00e9gique \u00e0 long terme.<\/p>\n<p>\u00ab Le Maroc est le seul pays africain \u00e0 \u00eatre associ\u00e9 aux \u00c9tats-Unis dans le cadre d\u2019un accord de libre-\u00e9change. Le Royaume, porte d\u2019entr\u00e9e au continent, abrite plus de 150 soci\u00e9t\u00e9s am\u00e9ricaines qui offrent d\u2019importantes opportunit\u00e9s d\u2019emploi. Les deux pays vont c\u00e9l\u00e9brer l\u2019ann\u00e9e prochaine le 15\u00e8me anniversaire de l\u2019entr\u00e9e en vigueur de cet accord qui a contribu\u00e9 \u00e0 l\u2019intensification des \u00e9changes bilat\u00e9raux \u00bb a-t-il fait remarquer.<\/p>\n<p>Il a aussi soulign\u00e9 que ses entretiens avec Nasser Bourita \u00e9taient une occasion d\u2019examiner les moyens en faveur du renforcement du partenariat strat\u00e9gique entre les deux pays, notant que les deux pays \u0153uvrent de concert pour faire face \u00e0 la pand\u00e9mie du Coronavirus (Covid-19).<\/p>\n<p>\u00ab Le gouvernement des \u00c9tats-Unis a fourni au Maroc une aide de plusieurs millions de dollars pour soutenir ses efforts dans la lutte contre la pand\u00e9mie, notamment \u00e0 travers l\u2019assistance des syst\u00e8mes de laboratoires, l\u2019am\u00e9lioration de la d\u00e9tection et de la surveillance des cas atteints de la Covid-19 et l\u2019assistance des experts techniques \u00bb, a rench\u00e9ri David Schenker.<\/p>\n<p>Pour rappel, la visite au Maroc de David Schenker s\u2019inscrit dans le cadre d\u2019une tourn\u00e9e (du 12 au 21 octobre) qui commence au Liban et se termine au Royaume-Uni.<\/p>\n<\/div>\n<p>Auteur: APA News<br \/>\n<a href=\"https:\/\/www.journalducameroun.com\/washington-va-proceder-a-la-construction-dun-consulat-au-maroc-pour-un-cout-de-312-millions-de-dollars\/\">Cliquez ici pour lire l&rsquo;article depuis sa source.<\/a><\/p>\n","protected":false},"excerpt":{"rendered":"<p>Publi\u00e9 le 19.10.2020 \u00e0 22h18 par APA News Les Etats Unis d\u2019Am\u00e9rique vont construire l\u2019un des \u00e9difices diplomatiques les plus modernes, \u00e0 savoir un nouveau consulat g\u00e9n\u00e9ral \u00e0 Casablanca d\u2019un budget de 312 millions de dollars, a annonc\u00e9 lundi \u00e0 Rabat, le Secr\u00e9taire d\u2019Etat adjoint am\u00e9ricain en charge du Moyen-Orient, David Schenker.La construction de cet [&hellip;]<\/p>\n","protected":false},"author":1965,"featured_media":0,"comment_status":"closed","ping_status":"closed","sticky":false,"template":"","format":"standard","meta":{"fifu_image_url":"","fifu_image_alt":"","footnotes":""},"categories":[73,82],"tags":[],"class_list":["post-102225","post","type-post","status-publish","format-standard","hentry","category-actualite","category-cameroun"],"_links":{"self":[{"href":"https:\/\/linitiative.ca\/International\/wp-json\/wp\/v2\/posts\/102225","targetHints":{"allow":["GET"]}}],"collection":[{"href":"https:\/\/linitiative.ca\/International\/wp-json\/wp\/v2\/posts"}],"about":[{"href":"https:\/\/linitiative.ca\/International\/wp-json\/wp\/v2\/types\/post"}],"author":[{"embeddable":true,"href":"https:\/\/linitiative.ca\/International\/wp-json\/wp\/v2\/users\/1965"}],"replies":[{"embeddable":true,"href":"https:\/\/linitiative.ca\/International\/wp-json\/wp\/v2\/comments?post=102225"}],"version-history":[{"count":0,"href":"https:\/\/linitiative.ca\/International\/wp-json\/wp\/v2\/posts\/102225\/revisions"}],"wp:attachment":[{"href":"https:\/\/linitiative.ca\/International\/wp-json\/wp\/v2\/media?parent=102225"}],"wp:term":[{"taxonomy":"category","embeddable":true,"href":"https:\/\/linitiative.ca\/International\/wp-json\/wp\/v2\/categories?post=102225"},{"taxonomy":"post_tag","embeddable":true,"href":"https:\/\/linitiative.ca\/International\/wp-json\/wp\/v2\/tags?post=102225"}],"curies":[{"name":"wp","href":"https:\/\/api.w.org\/{rel}","templated":true}]}}