{"id":102227,"date":"2020-10-19T17:18:09","date_gmt":"2020-10-19T21:18:09","guid":{"rendered":"https:\/\/linitiative.ca\/International\/guinee-le-rpg-arc-en-ciel-condamne-la-declaration-irresponsable-et-dangereuse-de-dallein\/"},"modified":"2020-10-19T17:18:09","modified_gmt":"2020-10-19T21:18:09","slug":"guinee-le-rpg-arc-en-ciel-condamne-la-declaration-irresponsable-et-dangereuse-de-dallein","status":"publish","type":"post","link":"https:\/\/linitiative.ca\/International\/guinee-le-rpg-arc-en-ciel-condamne-la-declaration-irresponsable-et-dangereuse-de-dallein\/","title":{"rendered":"Guin\u00e9e : le RPG-Arc-en-ciel condamne la d\u00e9claration \u00abirresponsable et dangereuse\u00bb de Dallein"},"content":{"rendered":"<div readability=\"32\">\n<p>Publi\u00e9 le 19.10.2020 \u00e0 22h18 par APA News<\/p>\n<\/div>\n<div readability=\"64\">\n<p>La mouvance pr\u00e9sidentielle a condamn\u00e9, lundi soir \u00e0 Conakry, la d\u00e9claration de victoire \u00e0 la pr\u00e9sidentielle de son principal challenger, Cellou Dalein Diallo.\u00ab\u00a0Le RPG-Arc-en-ciel, les partis alli\u00e9s et les mouvements de soutien, respectueux des institutions de la R\u00e9publique, condamnent sans r\u00e9serve et avec la plus grande fermet\u00e9, la d\u00e9claration irresponsable et dangereuse du pr\u00e9sident de l\u2019UFDG, El Hadj Cellou Dalein Diallo, par laquelle il s\u2019autoproclame \u00e9lu de l\u2019\u00e9lection pr\u00e9sidentielle du 18 octobre 2020 \u00bb, a d\u00e9clar\u00e9 le porte-parole du parti au pouvoir, Naby Youssouf Kiridi Bangoura.\u00a0<\/p>\n<p>D\u00e9non\u00e7ant une \u00ab attitude antir\u00e9publicaine et antid\u00e9mocratique \u00bb, il a appel\u00e9 \u00e0 \u00ab\u00a0une vive indignation et une condamnation unanime\u00a0\u00bb de la sortie du leader de l\u2019Union des forces d\u00e9mocratiques de Guin\u00e9e (UFDG).<\/p>\n<p>Le candidat de l\u2019Alliance nationale pour l\u2019alternance d\u00e9mocratique (ANAD), Cellou Dalein Diallo, a revendiqu\u00e9 une victoire \u00e0 l\u2019issue du premier tour de l\u2019\u00e9lection pr\u00e9sidentielle organis\u00e9e dimanche 18 octobre.<\/p>\n<p>D\u00e8s apr\u00e8s cette sortie, le vice-pr\u00e9sident de la Commission \u00e9lectorale nationale ind\u00e9pendante (Ceni), Bakary Mansar\u00e9, a indiqu\u00e9 que la d\u00e9claration de Cellou Dalein Diallo est \u00ab\u00a0nulle et de nul effet\u00a0\u00bb.<\/p>\n<\/div>\n<p>Auteur: APA News<br \/>\n<a href=\"https:\/\/www.journalducameroun.com\/guinee-le-rpg-arc-en-ciel-condamne-la-declaration-irresponsable-et-dangereuse-de-dallein\/\">Cliquez ici pour lire l&rsquo;article depuis sa source.<\/a><\/p>\n","protected":false},"excerpt":{"rendered":"<p>Publi\u00e9 le 19.10.2020 \u00e0 22h18 par APA News La mouvance pr\u00e9sidentielle a condamn\u00e9, lundi soir \u00e0 Conakry, la d\u00e9claration de victoire \u00e0 la pr\u00e9sidentielle de son principal challenger, Cellou Dalein Diallo.\u00ab\u00a0Le RPG-Arc-en-ciel, les partis alli\u00e9s et les mouvements de soutien, respectueux des institutions de la R\u00e9publique, condamnent sans r\u00e9serve et avec la plus grande fermet\u00e9, [&hellip;]<\/p>\n","protected":false},"author":1965,"featured_media":0,"comment_status":"closed","ping_status":"closed","sticky":false,"template":"","format":"standard","meta":{"fifu_image_url":"","fifu_image_alt":"","footnotes":""},"categories":[73,82],"tags":[],"class_list":["post-102227","post","type-post","status-publish","format-standard","hentry","category-actualite","category-cameroun"],"_links":{"self":[{"href":"https:\/\/linitiative.ca\/International\/wp-json\/wp\/v2\/posts\/102227","targetHints":{"allow":["GET"]}}],"collection":[{"href":"https:\/\/linitiative.ca\/International\/wp-json\/wp\/v2\/posts"}],"about":[{"href":"https:\/\/linitiative.ca\/International\/wp-json\/wp\/v2\/types\/post"}],"author":[{"embeddable":true,"href":"https:\/\/linitiative.ca\/International\/wp-json\/wp\/v2\/users\/1965"}],"replies":[{"embeddable":true,"href":"https:\/\/linitiative.ca\/International\/wp-json\/wp\/v2\/comments?post=102227"}],"version-history":[{"count":0,"href":"https:\/\/linitiative.ca\/International\/wp-json\/wp\/v2\/posts\/102227\/revisions"}],"wp:attachment":[{"href":"https:\/\/linitiative.ca\/International\/wp-json\/wp\/v2\/media?parent=102227"}],"wp:term":[{"taxonomy":"category","embeddable":true,"href":"https:\/\/linitiative.ca\/International\/wp-json\/wp\/v2\/categories?post=102227"},{"taxonomy":"post_tag","embeddable":true,"href":"https:\/\/linitiative.ca\/International\/wp-json\/wp\/v2\/tags?post=102227"}],"curies":[{"name":"wp","href":"https:\/\/api.w.org\/{rel}","templated":true}]}}