{"id":102228,"date":"2020-10-19T18:03:39","date_gmt":"2020-10-19T22:03:39","guid":{"rendered":"https:\/\/linitiative.ca\/International\/covid-19-une-eglise-rwandaise-lance-la-numerisation-de-la-collection-doffrandes\/"},"modified":"2020-10-19T18:03:39","modified_gmt":"2020-10-19T22:03:39","slug":"covid-19-une-eglise-rwandaise-lance-la-numerisation-de-la-collection-doffrandes","status":"publish","type":"post","link":"https:\/\/linitiative.ca\/International\/covid-19-une-eglise-rwandaise-lance-la-numerisation-de-la-collection-doffrandes\/","title":{"rendered":"Covid-19: une \u00e9glise rwandaise lance la num\u00e9risation de la collection d\u2019offrandes"},"content":{"rendered":"<div readability=\"32\">\n<p>Publi\u00e9 le 19.10.2020 \u00e0 23h18 par APA News<\/p>\n<\/div>\n<div readability=\"66\">\n<p>Suite aux inqui\u00e9tudes quant aux possibles implications pour l\u2019hygi\u00e8ne de la manipulation d\u2019esp\u00e8ces en temps de Covid-19, l\u2019Eglise adventiste du Septi\u00e8me jour au Rwanda s\u2019est lanc\u00e9e dans la num\u00e9risation de la collection d\u2019offrandes, afin de minimiser la possible propagation de la Covid-19, a appris APA lundi aupr\u00e8s du clerg\u00e9.D\u00e9sormais, les membres de l\u2019\u00e9glise ayant des smartphones pourront t\u00e9l\u00e9charger l\u2019application Mo-Pay et suivre les instructions pour retirer de l\u2019argent de leurs comptes bancaires ou Mobile Money, et faire imm\u00e9diatement un don ou payer leur d\u00eeme \u00e0 l\u2019\u00e9glise, a d\u00e9clar\u00e9 le clerg\u00e9.<\/p>\n<p>Les responsables rwandais de la sant\u00e9 ont d\u00e9clar\u00e9 que la possibilit\u00e9 pour les pi\u00e8ces et les billets de banque de contenir des bact\u00e9ries a \u00e9t\u00e9 rapidement reconnue en raison de la pand\u00e9mie en cours et des risques graves associ\u00e9s \u00e0 la maladie de Covid-19.<\/p>\n<p>Le Pasteur Hesron Byilingiro, chef de l\u2019Eglise adventiste du Septi\u00e8me jour a d\u00e9clar\u00e9 que le monde et le pays en particulier progressaient rapidement vers la num\u00e9risation des services et utilisent la technologie pour faire les choses diff\u00e9remment et que l\u2019\u00e9glise ne devrait pas \u00eatre laiss\u00e9e pour compte.<br \/>\u00ab Au Rwanda, nous avons vu que la technologie devient de plus en plus le moyen de faire les choses. Il n\u2019y a aucune loi qui dit que l\u2019\u00e9glise doit rester conservatrice et ne pas adopter l\u2019utilisation de la technologie dans ce que nous faisons. Je n\u2019ai jamais vu nulle part dans la Bible o\u00f9 il est dit que nous ne devrions pas faire de progr\u00e8s en termes de technologie \u00bb, a-t-il d\u00e9clar\u00e9.<\/p>\n<p>Selon lui, les paroisses adventistes ont clairement besoin d\u2019introduire des installations sans contact et de les rendre disponibles.<\/p>\n<p>Dans le m\u00eame ordre d\u2019id\u00e9es, le Rwanda a connu ces derni\u00e8res semaines une hausse des gu\u00e9risons et une r\u00e9duction du nombre de cas actifs de Covid-19.<\/p>\n<p>Les cas actifs dans le pays ont chut\u00e9 ces derniers jours, passant de plus de 1.600 le 6 octobre \u00e0 169 le 17 octobre, selon le minist\u00e8re de la Sant\u00e9.<\/p>\n<\/div>\n<p>Auteur: APA News<br \/>\n<a href=\"https:\/\/www.journalducameroun.com\/covid-19-une-eglise-rwandaise-lance-la-numerisation-de-la-collection-doffrandes\/\">Cliquez ici pour lire l&rsquo;article depuis sa source.<\/a><\/p>\n","protected":false},"excerpt":{"rendered":"<p>Publi\u00e9 le 19.10.2020 \u00e0 23h18 par APA News Suite aux inqui\u00e9tudes quant aux possibles implications pour l\u2019hygi\u00e8ne de la manipulation d\u2019esp\u00e8ces en temps de Covid-19, l\u2019Eglise adventiste du Septi\u00e8me jour au Rwanda s\u2019est lanc\u00e9e dans la num\u00e9risation de la collection d\u2019offrandes, afin de minimiser la possible propagation de la Covid-19, a appris APA lundi aupr\u00e8s [&hellip;]<\/p>\n","protected":false},"author":1965,"featured_media":0,"comment_status":"closed","ping_status":"closed","sticky":false,"template":"","format":"standard","meta":{"fifu_image_url":"","fifu_image_alt":"","footnotes":""},"categories":[73,82],"tags":[],"class_list":["post-102228","post","type-post","status-publish","format-standard","hentry","category-actualite","category-cameroun"],"_links":{"self":[{"href":"https:\/\/linitiative.ca\/International\/wp-json\/wp\/v2\/posts\/102228","targetHints":{"allow":["GET"]}}],"collection":[{"href":"https:\/\/linitiative.ca\/International\/wp-json\/wp\/v2\/posts"}],"about":[{"href":"https:\/\/linitiative.ca\/International\/wp-json\/wp\/v2\/types\/post"}],"author":[{"embeddable":true,"href":"https:\/\/linitiative.ca\/International\/wp-json\/wp\/v2\/users\/1965"}],"replies":[{"embeddable":true,"href":"https:\/\/linitiative.ca\/International\/wp-json\/wp\/v2\/comments?post=102228"}],"version-history":[{"count":0,"href":"https:\/\/linitiative.ca\/International\/wp-json\/wp\/v2\/posts\/102228\/revisions"}],"wp:attachment":[{"href":"https:\/\/linitiative.ca\/International\/wp-json\/wp\/v2\/media?parent=102228"}],"wp:term":[{"taxonomy":"category","embeddable":true,"href":"https:\/\/linitiative.ca\/International\/wp-json\/wp\/v2\/categories?post=102228"},{"taxonomy":"post_tag","embeddable":true,"href":"https:\/\/linitiative.ca\/International\/wp-json\/wp\/v2\/tags?post=102228"}],"curies":[{"name":"wp","href":"https:\/\/api.w.org\/{rel}","templated":true}]}}