{"id":102244,"date":"2020-10-20T09:35:40","date_gmt":"2020-10-20T13:35:40","guid":{"rendered":"https:\/\/linitiative.ca\/International\/accorder-la-priorite-a-la-gestion-de-la-crise-sociale-et-non-a-son-score-aux-elections\/"},"modified":"2020-10-20T09:35:40","modified_gmt":"2020-10-20T13:35:40","slug":"accorder-la-priorite-a-la-gestion-de-la-crise-sociale-et-non-a-son-score-aux-elections","status":"publish","type":"post","link":"https:\/\/linitiative.ca\/International\/accorder-la-priorite-a-la-gestion-de-la-crise-sociale-et-non-a-son-score-aux-elections\/","title":{"rendered":"Accorder la priorit\u00e9 \u00e0 la gestion de la crise sociale et non \u00e0 son score aux \u00e9lections"},"content":{"rendered":"<p class=\"has-text-color has-vivid-red-color c2\"><strong>LE PPS AU PARLEMENT: Barassat au chef du gouvernement<\/strong><\/p>\n<p class=\"has-text-color c3\"><strong>La d\u00e9put\u00e9e Fatima Zahra Barassat n\u2019a pas manqu\u00e9 d\u2019exprimer sa d\u00e9ception de voir le chef du gouvernement n\u2019accorder de l\u2019importance qu\u2019au nombre des si\u00e8ges que son parti compte remporter en 2021.<\/strong><\/p>\n<p>Dans une intervention, pr\u00e9sent\u00e9e lundi 19 octobre, au nom de son Groupement parlementaire du progr\u00e8s et du socialisme (GPPS\u00a0: PPS), lors de la s\u00e9ance mensuelle consacr\u00e9e \u00e0 la politique g\u00e9n\u00e9rale du gouvernement, la d\u00e9put\u00e9e a rappel\u00e9 qu\u2019au d\u00e9but de son apparition au Maroc, la pand\u00e9mie du Corona avait suscit\u00e9 une v\u00e9ritable mobilisation de toutes les couches sociales confondues, gouvernement, parlement et soci\u00e9t\u00e9 civile et ce dans le cadre des hautes orientations de Sa Majest\u00e9 le Roi.<\/p>\n<p>Malheureusement, a-t-elle dit, le gouvernement a fait preuve d\u2019une gestion anarchique. C\u2019est ainsi que les mesures et dispositions prises ont \u00e9t\u00e9 disparates et fragmentaires, sans aucune touche gouvernementale. L\u2019on a en effet assist\u00e9 \u00e0 des gestions sectorielles, sans aucune approche int\u00e9gr\u00e9e. Chaque d\u00e9partement g\u00e9rait la crise \u00e0 sa mani\u00e8re, \u00a0sans compl\u00e9mentarit\u00e9 et en dehors d\u2019une vision globale v\u00e9ritable \u00e0 cours, moyen et long termes.<\/p>\n<p>Une s\u00e9rie de mesures \u00absans pr\u00e9c\u00e9dent\u00bb ont \u00e9t\u00e9 prises, a-t-elle dit, rappelant qu\u2019en l\u2019absence d\u2019un cadre juridique qui prot\u00e8ge leur dignit\u00e9, de nombreuses couches sociales touch\u00e9es continuent toutefois d\u2019endurer en silence les effets \u00a0de cette crise. C\u2019est le cas des artisans, des petits commer\u00e7ants, des petits agriculteurs et de ceux qui vivent du secteur informel, a-t-elle pr\u00e9cis\u00e9.<\/p>\n<p>Des mesures ont \u00e9t\u00e9 prises pour serrer et contraindre ici et l\u00e0 et interdire les f\u00eates et toutes les autres manifestations pour prot\u00e9ger la sant\u00e9 des citoyennes et citoyens, oubliant toutefois ceux qui travaillent dans ces secteurs, livr\u00e9s \u00e0 leur propre sort.<\/p>\n<p>Nombreux d\u2019entre eux n\u2019ont rien trouv\u00e9 \u00e0 manger, alors que d\u2019autres sont all\u00e9s jusqu\u2019\u00e0 brader leurs mat\u00e9riel et machines pour faire vivre les leurs.<\/p>\n<p>La gestion de la crise de la pand\u00e9mie par le gouvernement a \u00e9t\u00e9 choquante. Quant \u00e0 la communication, elle a \u00e9t\u00e9 d\u00e9sastreuse avec des d\u00e9cisions brusques et de derni\u00e8res minutes.<\/p>\n<p>Il est d\u00e9cevant de constater aujourd\u2019hui que le chef du gouvernement, \u00e9galement SG du PJD, n\u2019accorde de l\u2019importance maintenant qu\u2019au nombre des si\u00e8ges que son parti compte remporter en 2021, a-t-elle soulign\u00e9, estimant que le d\u00e9bat autour des techniques \u00e9lectorales et en particulier autour du quotient \u00e9lectoral occulte tout simplement les priorit\u00e9s des citoyennes et citoyens.<\/p>\n<p>Le pays fait face \u00e0 une crise sans pr\u00e9c\u00e9dent et \u00e0 une situation \u00e9conomique et sociale tr\u00e8s pr\u00e9caire et difficile dont seuls les modestes citoyennes et citoyens et les couches vuln\u00e9rables et exclues paient le prix, a-t-elle rappel\u00e9. Ce qui importe pour le moment c\u2019est de d\u00e9battre des moyens de sortir le pays de cette crise, car les \u00e9lections ne sont pas une fin en soi mais le moyen de g\u00e9rer la situation, a-t-elle martel\u00e9.<\/p>\n<p>Le gouvernement a encore un an devant lui, une p\u00e9riode au cours de laquelle il doit rechercher en premier des r\u00e9ponses aux questions brulantes que se posent les citoyennes et citoyens, a-t-elle indiqu\u00e9, sachant que le gouvernement ne fait qu\u2019approfondir le foss\u00e9 entre les citoyens et les institutions de l\u2019Etat.<\/p>\n<p>Et pourtant, les orientations de Sa Majest\u00e9 le Roi ont \u00e9t\u00e9 on ne peut plus claires, a-t-elle fait observer. Le chef du gouvernement aurait d\u00fb capter les signaux des discours et des orientations royaux, qui portent sur des chantiers structurants pr\u00e9cis pour que le pays puisse d\u00e9passer la crise, a-t-elle estim\u00e9.<\/p>\n<p>Malheureusement les calculs politiciens \u00e9troits et la course du chef du gouvernement vers les \u00e9lections de 2021 ont fait que ce dernier est tr\u00e8s loin d\u2019impliquer le gouvernement dans la mise en \u0153uvre de ces chantiers.<\/p>\n<p>Il est vrai que des mesures ont \u00e9t\u00e9 prises pour la relance de l\u2019\u00e9conomie, mais il est vrai qu\u2019elles manquent de portage de la part d\u2019un gouvernement malheureusement ni uni ni homog\u00e8ne, soulignant que la couverture sociale universelle est un chantier d\u2019une grande importance et qui fait partie de cette cat\u00e9gorie de projets auxquels le PPS n\u2019a cess\u00e9 de revendiquer pour garantir la dignit\u00e9 de larges couches de la population.<\/p>\n<p>Il ne suffit pas de suivre les discours royaux, il est temps de s\u2019en inspirer et de prendre les mesures requises pour la r\u00e9alisation des chantiers qu\u2019ils comportent, a-t-elle martel\u00e9.<\/p>\n<p class=\"c4\"><strong>M\u2019Barek Tafsi<\/strong><\/p>\n<p>Auteur: M&rsquo;hammed rahal<br \/>\n<a href=\"http:\/\/albayane.press.ma\/accorder-la-priorite-a-la-gestion-de-la-crise-sociale-et-non-a-son-score-aux-elections.html\">Cliquez ici pour lire l&rsquo;article depuis sa source.<\/a><\/p>\n","protected":false},"excerpt":{"rendered":"<p>LE PPS AU PARLEMENT: Barassat au chef du gouvernement La d\u00e9put\u00e9e Fatima Zahra Barassat n\u2019a pas manqu\u00e9 d\u2019exprimer sa d\u00e9ception de voir le chef du gouvernement n\u2019accorder de l\u2019importance qu\u2019au nombre des si\u00e8ges que son parti compte remporter en 2021. Dans une intervention, pr\u00e9sent\u00e9e lundi 19 octobre, au nom de son Groupement parlementaire du progr\u00e8s [&hellip;]<\/p>\n","protected":false},"author":1760,"featured_media":0,"comment_status":"closed","ping_status":"closed","sticky":false,"template":"","format":"standard","meta":{"fifu_image_url":"","fifu_image_alt":"","footnotes":""},"categories":[73,54],"tags":[],"class_list":["post-102244","post","type-post","status-publish","format-standard","hentry","category-actualite","category-maroc"],"_links":{"self":[{"href":"https:\/\/linitiative.ca\/International\/wp-json\/wp\/v2\/posts\/102244","targetHints":{"allow":["GET"]}}],"collection":[{"href":"https:\/\/linitiative.ca\/International\/wp-json\/wp\/v2\/posts"}],"about":[{"href":"https:\/\/linitiative.ca\/International\/wp-json\/wp\/v2\/types\/post"}],"author":[{"embeddable":true,"href":"https:\/\/linitiative.ca\/International\/wp-json\/wp\/v2\/users\/1760"}],"replies":[{"embeddable":true,"href":"https:\/\/linitiative.ca\/International\/wp-json\/wp\/v2\/comments?post=102244"}],"version-history":[{"count":0,"href":"https:\/\/linitiative.ca\/International\/wp-json\/wp\/v2\/posts\/102244\/revisions"}],"wp:attachment":[{"href":"https:\/\/linitiative.ca\/International\/wp-json\/wp\/v2\/media?parent=102244"}],"wp:term":[{"taxonomy":"category","embeddable":true,"href":"https:\/\/linitiative.ca\/International\/wp-json\/wp\/v2\/categories?post=102244"},{"taxonomy":"post_tag","embeddable":true,"href":"https:\/\/linitiative.ca\/International\/wp-json\/wp\/v2\/tags?post=102244"}],"curies":[{"name":"wp","href":"https:\/\/api.w.org\/{rel}","templated":true}]}}