{"id":102245,"date":"2020-10-20T09:43:26","date_gmt":"2020-10-20T13:43:26","guid":{"rendered":"https:\/\/linitiative.ca\/International\/benabdallah-le-quotient-electoral-nest-pas-du-tout-une-obsession-des-marocains\/"},"modified":"2020-10-20T09:43:26","modified_gmt":"2020-10-20T13:43:26","slug":"benabdallah-le-quotient-electoral-nest-pas-du-tout-une-obsession-des-marocains","status":"publish","type":"post","link":"https:\/\/linitiative.ca\/International\/benabdallah-le-quotient-electoral-nest-pas-du-tout-une-obsession-des-marocains\/","title":{"rendered":"Benabdallah: \u00able quotient \u00e9lectoral n\u2019est pas du tout une obsession des Marocains\u00bb"},"content":{"rendered":"<p class=\"has-text-color has-vivid-red-color c2\"><strong>Dans une d\u00e9claration au site le 360.ma<\/strong><\/p>\n<p class=\"c3\"><strong>Khalid Darfaf<\/strong><\/p>\n<p class=\"has-text-color c4\"><strong>\u00abDisposions-nous aujourd\u2019hui d\u2019un gouvernement capable d\u2019\u00e9laborer les orientations royales contenues dans le discours prononc\u00e9 \u00e0 l\u2019occasion de la f\u00eate du Tr\u00f4ne ou\u00a0 celui de la rentr\u00e9e parlementaire et visaient \u00e0 donner une pouss\u00e9e \u00e0 l\u2019\u00e9conomie nationale et \u00e0 corriger les d\u00e9s\u00e9quilibres sociaux notamment par la g\u00e9n\u00e9ralisation de la couverture sociale\u00bb s\u2019est interrog\u00e9 le Secr\u00e9taire g\u00e9n\u00e9ral du Parti du progr\u00e8s et du socialisme, Mohamed Nabil Benabdallah, lors d\u2019une d\u00e9claration au site arabophone, le 360.ma. Il s\u2019av\u00e8re, selon le leader du Parti du Livre, que le gouvernement actuel est emp\u00eatr\u00e9 dans les conflits intestinaux, voire fragilis\u00e9 par sa faiblesse politique et ses d\u00e9faillances communicationnelles.<\/strong><\/p>\n<p>En fait,\u00a0 l\u2019Ex\u00e9cutif avec toutes ses composantes y compris le Chef du gouvernement demeure incapable de mettre en \u0153uvre ces r\u00e9formes dont les Marocains ont tant besoin, a-t-il ajout\u00e9.\u00a0 Pour lui, \u00ab\u00a0c\u2019est sur ce v\u00e9ritable sujet que doit porter le d\u00e9bat aujourd\u2019hui\u00a0\u00bb. Malheureusement, on constate que le d\u00e9bat est d\u00e9vi\u00e9 par le num\u00e9ro un du Parti de la Justice et du d\u00e9veloppement (PJD)\u00a0 vers des questions \u00e9lectoraux en prof\u00e9rant des accusations \u00e0 tout le monde,\u00a0 et ce en exploitant le sujet du quotient \u00e9lectoral. Or, le quotient \u00e9lectoral n\u2019est pas du tout une obsession des Marocains qui aspirent davantage \u00e0 l\u2019am\u00e9lioration de leur situation sanitaire et socio-\u00e9conomique, a martel\u00e9 le dirigeant du PPS.<\/p>\n<p>\u00abQui plus est, a-t-il poursuivi, ce quotient \u00e9lectoral n\u2019est pas le seul sujet de discorde, sachant que le gouvernement d\u2019El Otmani n\u2019a pas jusqu\u2019\u00e0 ce jour mis \u00e0 la table la mouture des lois \u00e9lectorales en d\u00e9pit des efforts d\u00e9ploy\u00e9s par l\u2019opposition en vue de trouver un consensus\u00bb, a-t-il fait remarquer. D\u2019ailleurs, toutes les actions men\u00e9es dans ce sens ont \u00e9t\u00e9 faites \u00e0 l\u2019initiative de l\u2019opposition et ce depuis la r\u00e9union ayant eu lieu f\u00e9vrier dernier avec le Chef du gouvernement, a-t-il rappel\u00e9. Force est de constater qu\u2019aujourd\u2019hui que les Marocains sont pr\u00e9occup\u00e9s davantage par la propagation de la pand\u00e9mie et l\u2019augmentation de la mortalit\u00e9, a-t-il soulign\u00e9,\u00a0 en faisant allusion \u00e0 l\u2019inefficacit\u00e9 de l\u2019action gouvernementale en mati\u00e8re du contr\u00f4le de la situation, sans omettre une situation socio-\u00e9conomique d\u00e9sastreuse dans laquelle ont \u00e9t\u00e9 livr\u00e9s.<\/p>\n<p>S\u2019agissant de la position du PPS vis-vis du quotient \u00e9lectoral, Benabdallah a r\u00e9it\u00e9r\u00e9 les positions de son Parti contenues dans le m\u00e9morandum tripartite pr\u00e9sent\u00e9 conjointement avec le Parti de l\u2019Istiqlal (PI) et le Parti Authenticit\u00e9 et modernit\u00e9 (PAM).\u00a0 Autrement dit, le quotient \u00e9lectoral doit \u00eatre\u00a0 calcul\u00e9 sur la base des votants, en mettant l\u2019accent sur le fait que cette question devrait \u00eatre abord\u00e9e dans un cadre g\u00e9n\u00e9ral.<\/p>\n<p>Cela \u00e9tant,\u00a0 d\u2019autres questions encore en suspens doivent \u00eatre abord\u00e9es en vue de trouver un\u00a0 modus operandi portant principalement sur la liste r\u00e9gionale ou nationale. A cela s\u2019ajoute le probl\u00e8me du seuil \u00e9lectoral, le quotient \u00e9lectoral dans les Communes ou encore le mode de scrutin devant \u00eatre adopt\u00e9 en fonction du nombre des habitants des Communes\u2026<\/p>\n<p>S\u2019agissant de l\u2019alliance du PPS avec les autres partis de l\u2019opposition (PI et PAM), Benabdallah a assur\u00e9 que le coordination avec ses derniers se d\u00e9roule \u00e0 merveille autour de l\u2019ensemble des questions qui se posent et qui sont relatives aux politiques publiques dirig\u00e9es par le gouvernement, le projet de la loi des finances, entre autres. Bref, \u00abl\u2019opposition aspire \u00e0 incarner une image diff\u00e9rente que celle refl\u00e9t\u00e9e par une\u00a0 majorit\u00e9 disloqu\u00e9e\u00bb, a-t-il conclu.<\/p>\n<p>Auteur: M&rsquo;hammed rahal<br \/>\n<a href=\"http:\/\/albayane.press.ma\/benabdallah-le-quotient-electoral-nest-pas-du-tout-une-obsession-des-marocains.html\">Cliquez ici pour lire l&rsquo;article depuis sa source.<\/a><\/p>\n","protected":false},"excerpt":{"rendered":"<p>Dans une d\u00e9claration au site le 360.ma Khalid Darfaf \u00abDisposions-nous aujourd\u2019hui d\u2019un gouvernement capable d\u2019\u00e9laborer les orientations royales contenues dans le discours prononc\u00e9 \u00e0 l\u2019occasion de la f\u00eate du Tr\u00f4ne ou\u00a0 celui de la rentr\u00e9e parlementaire et visaient \u00e0 donner une pouss\u00e9e \u00e0 l\u2019\u00e9conomie nationale et \u00e0 corriger les d\u00e9s\u00e9quilibres sociaux notamment par la g\u00e9n\u00e9ralisation [&hellip;]<\/p>\n","protected":false},"author":1760,"featured_media":0,"comment_status":"closed","ping_status":"closed","sticky":false,"template":"","format":"standard","meta":{"fifu_image_url":"","fifu_image_alt":"","footnotes":""},"categories":[73,54],"tags":[],"class_list":["post-102245","post","type-post","status-publish","format-standard","hentry","category-actualite","category-maroc"],"_links":{"self":[{"href":"https:\/\/linitiative.ca\/International\/wp-json\/wp\/v2\/posts\/102245","targetHints":{"allow":["GET"]}}],"collection":[{"href":"https:\/\/linitiative.ca\/International\/wp-json\/wp\/v2\/posts"}],"about":[{"href":"https:\/\/linitiative.ca\/International\/wp-json\/wp\/v2\/types\/post"}],"author":[{"embeddable":true,"href":"https:\/\/linitiative.ca\/International\/wp-json\/wp\/v2\/users\/1760"}],"replies":[{"embeddable":true,"href":"https:\/\/linitiative.ca\/International\/wp-json\/wp\/v2\/comments?post=102245"}],"version-history":[{"count":0,"href":"https:\/\/linitiative.ca\/International\/wp-json\/wp\/v2\/posts\/102245\/revisions"}],"wp:attachment":[{"href":"https:\/\/linitiative.ca\/International\/wp-json\/wp\/v2\/media?parent=102245"}],"wp:term":[{"taxonomy":"category","embeddable":true,"href":"https:\/\/linitiative.ca\/International\/wp-json\/wp\/v2\/categories?post=102245"},{"taxonomy":"post_tag","embeddable":true,"href":"https:\/\/linitiative.ca\/International\/wp-json\/wp\/v2\/tags?post=102245"}],"curies":[{"name":"wp","href":"https:\/\/api.w.org\/{rel}","templated":true}]}}