{"id":102246,"date":"2020-10-20T09:49:13","date_gmt":"2020-10-20T13:49:13","guid":{"rendered":"https:\/\/linitiative.ca\/International\/%ef%bb%bfvirus-la-lombardie-de-nouveau-en-1ere-ligne\/"},"modified":"2020-10-20T09:49:13","modified_gmt":"2020-10-20T13:49:13","slug":"%ef%bb%bfvirus-la-lombardie-de-nouveau-en-1ere-ligne","status":"publish","type":"post","link":"https:\/\/linitiative.ca\/International\/%ef%bb%bfvirus-la-lombardie-de-nouveau-en-1ere-ligne\/","title":{"rendered":"\ufeffVirus: la Lombardie de nouveau en 1\u00e8re ligne"},"content":{"rendered":"<p class=\"has-text-color has-vivid-red-color c2\"><strong>R\u00e9gion la plus endeuill\u00e9e d\u2019Italie<\/strong><\/p>\n<p class=\"has-text-color c3\"><strong>Premi\u00e8re r\u00e9gion d\u2019Europe massivement touch\u00e9e par la pand\u00e9mie en f\u00e9vrier et mars, la riche Lombardie se retrouve de nouveau en premi\u00e8re ligne, enregistrant une explosion des cas, ce qui va la conduire \u00e0 instaurer un couvre-feu, une premi\u00e8re en Italie depuis la fin du confinement.<\/strong><\/p>\n<p>Le couvre-feu doit entrer en vigueur \u00e0 partir de jeudi, de 23H00 \u00e0 05H00, pour trois semaines.<\/p>\n<p>L\u2019Italie conna\u00eet depuis vendredi une forte hausse des cas de Covid-19 (plus de 10.000 par jour), et la Lombardie est de nouveau la r\u00e9gion la plus touch\u00e9e.<\/p>\n<p>Poumon \u00e9conomique de l\u2019Italie avec la V\u00e9n\u00e9tie et l\u2019Emilie-Romagne, la Lombardie a enregistr\u00e9 lundi 1.687 nouveaux cas sur les 9.338 de l\u2019Italie. Et samedi, c\u2019\u00e9tait 2.975, soit un quart du total.<\/p>\n<p>Depuis f\u00e9vrier, le tribut pay\u00e9 est encore plus lourd: un tiers des cas et 46% des d\u00e9c\u00e8s (17.084 sur 36.616).<\/p>\n<p>Du 12 au 19 octobre, le nombre de malades hospitalis\u00e9s a augment\u00e9 de 145% dans cette r\u00e9gion o\u00f9 vivent dix millions de personnes, dont un peu moins de 1,4 million \u00e0 Milan.<\/p>\n<p>\u00abHier, nous avions en soins intensifs (en Lombardie) 113 personnes\u00bb, mais selon les experts, sans nouvelle mesure, \u00abil y a un risque s\u00e9rieux qu\u2019elles soient 600\u00bb fin octobre, avec en tout 4.000 personnes hospitalis\u00e9es, \u00abmettant en difficult\u00e9 les h\u00f4pitaux\u00bb, a expliqu\u00e9 le maire de Milan, Beppe Sala, sur Facebook.<\/p>\n<p>Le couvre-feu devrait \u00eatre assorti d\u2019une fermeture le week-end des commerces de la moyenne et grande distribution ne vendant pas de produits de premi\u00e8re n\u00e9cessit\u00e9 (nourriture, pharmacie\u2026).<\/p>\n<p>D\u00e8s samedi, la Lombardie avait instaur\u00e9 des mesures plus s\u00e9v\u00e8res, d\u00e9cidant, entre autres, la fermeture des bars et restaurants \u00e0 partir de minuit et la suspension des activit\u00e9s sportives amateur. Depuis, le pays l\u2019a suivie.<\/p>\n<p>Traumatis\u00e9s apr\u00e8s la premi\u00e8re vague et les images du cort\u00e8ge macabre des camions militaires transportant des dizaines de cercueils \u00e0 Bergame, les habitants apparaissent globalement respectueux des consignes.<\/p>\n<p>\u00abJe n\u2019arrive pas \u00e0 comprendre (cette deuxi\u00e8me vague): les gens portent le masque (m\u00eame \u00e0 l\u2019ext\u00e9rieur, NDLR), se fr\u00e9quentent moins. Peut-\u00eatre que les jeunes commettent des erreurs quand ils se rencontrent, souvent ils ne portent pas le masque, mais leur faire porter la responsabilit\u00e9, non, je ne crois pas\u00bb, d\u00e9clare \u00e0 l\u2019AFP Antonella Pezzotta, 60 ans. Alors pourquoi la Lombardie est-elle encore en premi\u00e8re ligne?<\/p>\n<p>\u00abProbablement parce que c\u2019est la r\u00e9gion la plus active, la plus dynamique. C\u2019est une r\u00e9gion avec une forte densit\u00e9 de population et une forte concentration des gens dans les villes. Croiser tant de personnes facilite la transmission\u00bb, explique \u00e0 l\u2019AFP Francesco Bini, responsable du d\u00e9partement de pneumologie \u00e0 l\u2019h\u00f4pital de Garbagnate.<\/p>\n<p>Certains pointent du doigt la concentration dans les transports en commun de la m\u00e9tropole milanaise.<\/p>\n<p>\u00abIls ont repris leur rythme normal. Depuis quelques semaines, ils ont retir\u00e9 les signal\u00e9tiques au sol, et dans le m\u00e9tro ou le tram, c\u2019est la cohue. Selon moi, ils ont fait une grosse erreur\u00bb, estime Alessandro Sigolo, un kiosquier de 57 ans.<\/p>\n<p>Selon sa femme Rosy Varrella, \u00able probl\u00e8me est que les \u00e9coles et bureaux ouvrent \u00e0 la m\u00eame heure. Il faudrait organiser des classes l\u2019apr\u00e8s-midi et permettre d\u2019arriver de mani\u00e8re \u00e9tal\u00e9e au bureau\u00bb.<\/p>\n<p>Selon certaines \u00e9tudes, les contaminations sont plus importantes en cas de pollution atmosph\u00e9rique. Or le smog est extr\u00eamement pr\u00e9sent dans la plaine du P\u00f4, enserr\u00e9e en partie par des montagnes.<\/p>\n<p>Selon une \u00e9tude men\u00e9e en f\u00e9vrier et mars par la Soci\u00e9t\u00e9 italienne de m\u00e9decine environnementale (SIMA), les r\u00e9gions moins pollu\u00e9es aux particules PM10 pr\u00e9sentaient ainsi une moyenne de 0,03 infection pour 1.000 habitants, et les r\u00e9gions les plus pollu\u00e9es de 0,26.<\/p>\n<p>\u00abCertaines \u00e9tudes ont parl\u00e9 d\u2019un possible impact du smog, mais la preuve (\u2026) n\u2019a jamais \u00e9t\u00e9 apport\u00e9e\u00bb, pr\u00e9cise n\u00e9anmoins le professeur Bini.<br \/>Certains m\u00e9decins g\u00e9n\u00e9ralistes, qui n\u2019avaient pas compt\u00e9 leurs heures pendant la premi\u00e8re vague, voient cette deuxi\u00e8me arriver avec appr\u00e9hension. \u00abJe ne sais pas si je vais tenir\u00bb, confie l\u2019un d\u2019eux, alors que son t\u00e9l\u00e9phone ne cesse de sonner, pour une toux suspecte ou un cas contact.<\/p>\n<p>Auteur: M&rsquo;hammed rahal<br \/>\n<a href=\"http:\/\/albayane.press.ma\/%EF%BB%BFvirus-la-lombardie-de-nouveau-en-1ere-ligne.html\">Cliquez ici pour lire l&rsquo;article depuis sa source.<\/a><\/p>\n","protected":false},"excerpt":{"rendered":"<p>R\u00e9gion la plus endeuill\u00e9e d\u2019Italie Premi\u00e8re r\u00e9gion d\u2019Europe massivement touch\u00e9e par la pand\u00e9mie en f\u00e9vrier et mars, la riche Lombardie se retrouve de nouveau en premi\u00e8re ligne, enregistrant une explosion des cas, ce qui va la conduire \u00e0 instaurer un couvre-feu, une premi\u00e8re en Italie depuis la fin du confinement. Le couvre-feu doit entrer en [&hellip;]<\/p>\n","protected":false},"author":1760,"featured_media":0,"comment_status":"closed","ping_status":"closed","sticky":false,"template":"","format":"standard","meta":{"fifu_image_url":"","fifu_image_alt":"","footnotes":""},"categories":[73,54],"tags":[],"class_list":["post-102246","post","type-post","status-publish","format-standard","hentry","category-actualite","category-maroc"],"_links":{"self":[{"href":"https:\/\/linitiative.ca\/International\/wp-json\/wp\/v2\/posts\/102246","targetHints":{"allow":["GET"]}}],"collection":[{"href":"https:\/\/linitiative.ca\/International\/wp-json\/wp\/v2\/posts"}],"about":[{"href":"https:\/\/linitiative.ca\/International\/wp-json\/wp\/v2\/types\/post"}],"author":[{"embeddable":true,"href":"https:\/\/linitiative.ca\/International\/wp-json\/wp\/v2\/users\/1760"}],"replies":[{"embeddable":true,"href":"https:\/\/linitiative.ca\/International\/wp-json\/wp\/v2\/comments?post=102246"}],"version-history":[{"count":0,"href":"https:\/\/linitiative.ca\/International\/wp-json\/wp\/v2\/posts\/102246\/revisions"}],"wp:attachment":[{"href":"https:\/\/linitiative.ca\/International\/wp-json\/wp\/v2\/media?parent=102246"}],"wp:term":[{"taxonomy":"category","embeddable":true,"href":"https:\/\/linitiative.ca\/International\/wp-json\/wp\/v2\/categories?post=102246"},{"taxonomy":"post_tag","embeddable":true,"href":"https:\/\/linitiative.ca\/International\/wp-json\/wp\/v2\/tags?post=102246"}],"curies":[{"name":"wp","href":"https:\/\/api.w.org\/{rel}","templated":true}]}}