{"id":102247,"date":"2020-10-20T09:52:41","date_gmt":"2020-10-20T13:52:41","guid":{"rendered":"https:\/\/linitiative.ca\/International\/%ef%bb%bfplus-de-313-mmdh-pour-la-sante\/"},"modified":"2020-10-20T09:52:41","modified_gmt":"2020-10-20T13:52:41","slug":"%ef%bb%bfplus-de-313-mmdh-pour-la-sante","status":"publish","type":"post","link":"https:\/\/linitiative.ca\/International\/%ef%bb%bfplus-de-313-mmdh-pour-la-sante\/","title":{"rendered":"\ufeffPlus de 3,13 MMDH pour la sant\u00e9"},"content":{"rendered":"<p class=\"has-text-color has-vivid-red-color c2\"><strong>Fonds Mohammed VI pour l\u2019investissement<\/strong><\/p>\n<p class=\"has-text-color c3\"><strong>L\u2019op\u00e9rationnalisation effective du Fonds Mohammed VI pour l\u2019investissement aura lieu dans les quelques prochaines semaines, a indiqu\u00e9 lundi soir \u00e0 Rabat, le ministre de l\u2019\u00c9conomie, des Finances et de la R\u00e9forme de l\u2019administration, Mohamed Bencha\u00e2boun.<\/strong><\/p>\n<p>Ce fonds pr\u00e9voit une enveloppe globale de 3,135 milliards de dirhams (MMDH) au profit du secteur de la sant\u00e9. Ce montant a \u00e9t\u00e9 allou\u00e9 afin de prendre en charge les d\u00e9penses inh\u00e9rentes au renforcement et \u00e0 la mise \u00e0 niveau du dispositif m\u00e9dical, moyennant l\u2019acquisition du mat\u00e9riel m\u00e9dical et hospitalier, l\u2019achat des m\u00e9dicaments et produits pharmaceutiques et l\u2019am\u00e9lioration des moyens d\u2019intervention, pr\u00e9cise la note publi\u00e9e lundi sur le site du minist\u00e8re de l\u2019\u00c9conomie et des finances.<\/p>\n<p>Dot\u00e9 de 10 MMDH provenant du Budget G\u00e9n\u00e9ral, le fonds sp\u00e9cial pour la gestion de la pand\u00e9mie du Coronavirus (Covid-19) baptis\u00e9 \u00abFonds Mohammed VI pour l\u2019Investissement\u00bb, a \u00e9galement pris en charge la subvention des prix des masques non tiss\u00e9s \u00e0 usage non m\u00e9dical produits localement.<\/p>\n<p>S\u2019exprimant devant les deux chambres du Parlement, lors d\u2019une s\u00e9ance pl\u00e9ni\u00e8re consacr\u00e9e \u00e0 la pr\u00e9sentation du projet de loi de finances (PLF 2021), Bencha\u00e2boun a fait savoir qu\u2019il sera proc\u00e9d\u00e9 \u00e0 la mise en place en urgence de l\u2019ensemble des m\u00e9canismes garantissant l\u2019efficacit\u00e9 des interventions du Fonds Mohammed VI pour l\u2019investissement, qui sera dot\u00e9 de la personnalit\u00e9 morale et des structures manag\u00e9riales ad\u00e9quates, conform\u00e9ment aux Hautes Directives Royales.<\/p>\n<p>Il a \u00e9galement not\u00e9 que ce Fonds interviendra d\u2019une mani\u00e8re directe, en finan\u00e7ant des projets d\u2019investissement moyennant des partenariats public-priv\u00e9, et indirectement, \u00e0 travers le renforcement des fonds propres des entreprises afin de les d\u00e9velopper.<\/p>\n<p>Auteur: M&rsquo;hammed rahal<br \/>\n<a href=\"http:\/\/albayane.press.ma\/%EF%BB%BFplus-de-313-mmdh-pour-la-sante.html\">Cliquez ici pour lire l&rsquo;article depuis sa source.<\/a><\/p>\n","protected":false},"excerpt":{"rendered":"<p>Fonds Mohammed VI pour l\u2019investissement L\u2019op\u00e9rationnalisation effective du Fonds Mohammed VI pour l\u2019investissement aura lieu dans les quelques prochaines semaines, a indiqu\u00e9 lundi soir \u00e0 Rabat, le ministre de l\u2019\u00c9conomie, des Finances et de la R\u00e9forme de l\u2019administration, Mohamed Bencha\u00e2boun. Ce fonds pr\u00e9voit une enveloppe globale de 3,135 milliards de dirhams (MMDH) au profit du [&hellip;]<\/p>\n","protected":false},"author":1760,"featured_media":0,"comment_status":"closed","ping_status":"closed","sticky":false,"template":"","format":"standard","meta":{"fifu_image_url":"","fifu_image_alt":"","footnotes":""},"categories":[73,54],"tags":[],"class_list":["post-102247","post","type-post","status-publish","format-standard","hentry","category-actualite","category-maroc"],"_links":{"self":[{"href":"https:\/\/linitiative.ca\/International\/wp-json\/wp\/v2\/posts\/102247","targetHints":{"allow":["GET"]}}],"collection":[{"href":"https:\/\/linitiative.ca\/International\/wp-json\/wp\/v2\/posts"}],"about":[{"href":"https:\/\/linitiative.ca\/International\/wp-json\/wp\/v2\/types\/post"}],"author":[{"embeddable":true,"href":"https:\/\/linitiative.ca\/International\/wp-json\/wp\/v2\/users\/1760"}],"replies":[{"embeddable":true,"href":"https:\/\/linitiative.ca\/International\/wp-json\/wp\/v2\/comments?post=102247"}],"version-history":[{"count":0,"href":"https:\/\/linitiative.ca\/International\/wp-json\/wp\/v2\/posts\/102247\/revisions"}],"wp:attachment":[{"href":"https:\/\/linitiative.ca\/International\/wp-json\/wp\/v2\/media?parent=102247"}],"wp:term":[{"taxonomy":"category","embeddable":true,"href":"https:\/\/linitiative.ca\/International\/wp-json\/wp\/v2\/categories?post=102247"},{"taxonomy":"post_tag","embeddable":true,"href":"https:\/\/linitiative.ca\/International\/wp-json\/wp\/v2\/tags?post=102247"}],"curies":[{"name":"wp","href":"https:\/\/api.w.org\/{rel}","templated":true}]}}