{"id":102249,"date":"2020-10-20T04:35:49","date_gmt":"2020-10-20T08:35:49","guid":{"rendered":"https:\/\/linitiative.ca\/International\/le-cepex-lance-une-etude-sur-la-restructuration-du-foprodex\/"},"modified":"2020-10-20T04:35:49","modified_gmt":"2020-10-20T08:35:49","slug":"le-cepex-lance-une-etude-sur-la-restructuration-du-foprodex","status":"publish","type":"post","link":"https:\/\/linitiative.ca\/International\/le-cepex-lance-une-etude-sur-la-restructuration-du-foprodex\/","title":{"rendered":"Le CEPEX lance une \u00e9tude sur la restructuration du FOPRODEX"},"content":{"rendered":"<h2>Le CEPEX a lanc\u00e9 une \u00e9tude sur la restructuration du\u00a0<a href=\"http:\/\/www.cepex.nat.tn\/article\/FOPRODEX\" target=\"_blank\" rel=\"noopener noreferrer\">Fonds de promotion des exportations<\/a>\u00a0\u2013 FOPRODEX. Et ce, en<\/h2>\n<h2>r\u00e9ponse aux recommandations du programme de r\u00e9forme institutionnel du CEPEX. Le 3\u00e8me projet de d\u00e9veloppement<\/h2>\n<h2>des exportations (PDE III) finance ce programme de r\u00e9forme.<\/h2>\n<p>En effet, le\u00a0<a href=\"http:\/\/www.leconomistemaghrebin.com\/2020\/08\/27\/exportation-representation-cepex-bientot-gabes\/\" target=\"_blank\" rel=\"noopener noreferrer\">CEPEX<\/a>\u00a0indique que le m\u00e9canisme du FOPRODEX, cr\u00e9\u00e9 depuis 1984 pour renforcer les exportations tunisiennes, n\u2019est plus en mesure de s\u2019adapter aux \u00e9volutions enregistr\u00e9es au niveau des march\u00e9s mondiaux et du flux du commerce international. Ainsi que pour r\u00e9pondre aux nouveaux besoins du tissu industriel et du service.<\/p>\n<p>Alors, \u00ab\u00a0cette \u00e9tude permettra \u00e0 la Tunisie d\u2019obtenir un m\u00e9canisme financier p\u00e9renne qui permette de contribuer avec efficacit\u00e9 \u00e0 la croissance des exportations. A travers la diversification des secteurs d\u2019exportation et des march\u00e9s \u00e9trangers. Et la facilitation de l\u2019acc\u00e8s aux march\u00e9s mondiaux \u00e0 haute valeur ajout\u00e9e\u00a0\u00bb. C\u2019est ce qu\u2019expliquait le CEPEX dans son communiqu\u00e9, lundi.<\/p>\n<p>En outre, \u00ab\u00a0il s\u2019agit \u00e9galement d\u2019\u00e9largir le nombre des exportateurs, en assurant leur r\u00e9partition g\u00e9ographique\u00a0\u00bb.<\/p>\n<p>De ce fait, cette \u00e9tude devra faire ressortir un nouveau m\u00e9canisme d\u2019accompagnement plus fluide. Il permettra de r\u00e9pondre aux ambitions et aux besoins des secteurs d\u2019exportation. Ainsi que des soci\u00e9t\u00e9s exportatrices tunisiennes.<\/p>\n<p>De m\u00eame, cette \u00e9tude vise \u00e0 clarifier un r\u00e9gime de gouvernance relatif \u00e0 ce m\u00e9canisme financier. Et ce, conform\u00e9ment \u00e0 la nouvelle structuration organisationnelle du CEPEX. Pour garantir plus de souplesse en termes de gestion, de prise de d\u00e9cision et d\u2019\u00e9valuation.<br \/>De plus, l\u2019\u00e9laboration des cadres l\u00e9gaux n\u00e9cessaires qui r\u00e9pondent aux exigences et aux objectifs du nouveau m\u00e9canisme figurera parmi les axes de cette \u00e9tude.<\/p>\n<p>Sachant que le FOPRODEX a \u00e9t\u00e9 cr\u00e9\u00e9 en vertu de la loi 84-84 du 31 d\u00e9cembre 1984. Il vise \u00e0 inciter les soci\u00e9t\u00e9s tunisiennes \u00e0 se diriger vers des march\u00e9s ext\u00e9rieurs.<\/p>\n<p>Enfin, ce m\u00e9canisme a permis de r\u00e9aliser des objectifs de la strat\u00e9gie de l\u2019Etat. Et parmi eux, la pr\u00e9servation de la comp\u00e9titivit\u00e9 des secteurs exportateurs. Et notamment: l\u2019agriculture; l\u2019agroalimentaire; et l\u2019acc\u00e8s aux march\u00e9s non traditionnels, tels que les march\u00e9s africains, de l\u2019Am\u00e9rique du Nord et des pays du Golfe.<\/p>\n<div class=\"wp-post-author-wrap wp-post-author-shortcode left\">\n<h3 class=\"awpa-title\"\/>\n<div class=\"wp-post-author\">\n<div class=\"awpa-img awpa-author-block square\"><a href=\"http:\/\/lexpertjournal.net\/fr\/?author=5\"><img loading=\"lazy\" decoding=\"async\" alt=\"\" src=\"http:\/\/0.gravatar.com\/avatar\/97f8e10a1c1125ba104a76514ee07b16?s=150&amp;d=mm&amp;r=g\" srcset=\"http:\/\/0.gravatar.com\/avatar\/97f8e10a1c1125ba104a76514ee07b16?s=300&amp;d=mm&amp;r=g 2x\" class=\"avatar avatar-150 photo\" height=\"150\" width=\"150\"\/><\/a><\/div>\n<\/div>\n<\/div>\n<aside class=\"mashsb-container mashsb-main mashsb-stretched\">\n<\/aside>\n<p>Auteur: L&rsquo;expert<br \/>\n<a href=\"http:\/\/lexpertjournal.net\/fr\/?p=17032\">Cliquez ici pour lire l&rsquo;article depuis sa source.<\/a><\/p>\n","protected":false},"excerpt":{"rendered":"<p>Le CEPEX a lanc\u00e9 une \u00e9tude sur la restructuration du\u00a0Fonds de promotion des exportations\u00a0\u2013 FOPRODEX. Et ce, en r\u00e9ponse aux recommandations du programme de r\u00e9forme institutionnel du CEPEX. Le 3\u00e8me projet de d\u00e9veloppement des exportations (PDE III) finance ce programme de r\u00e9forme. En effet, le\u00a0CEPEX\u00a0indique que le m\u00e9canisme du FOPRODEX, cr\u00e9\u00e9 depuis 1984 pour renforcer [&hellip;]<\/p>\n","protected":false},"author":1775,"featured_media":0,"comment_status":"closed","ping_status":"closed","sticky":false,"template":"","format":"standard","meta":{"fifu_image_url":"","fifu_image_alt":"","footnotes":""},"categories":[78,55],"tags":[],"class_list":["post-102249","post","type-post","status-publish","format-standard","hentry","category-economie","category-tunisie"],"_links":{"self":[{"href":"https:\/\/linitiative.ca\/International\/wp-json\/wp\/v2\/posts\/102249","targetHints":{"allow":["GET"]}}],"collection":[{"href":"https:\/\/linitiative.ca\/International\/wp-json\/wp\/v2\/posts"}],"about":[{"href":"https:\/\/linitiative.ca\/International\/wp-json\/wp\/v2\/types\/post"}],"author":[{"embeddable":true,"href":"https:\/\/linitiative.ca\/International\/wp-json\/wp\/v2\/users\/1775"}],"replies":[{"embeddable":true,"href":"https:\/\/linitiative.ca\/International\/wp-json\/wp\/v2\/comments?post=102249"}],"version-history":[{"count":0,"href":"https:\/\/linitiative.ca\/International\/wp-json\/wp\/v2\/posts\/102249\/revisions"}],"wp:attachment":[{"href":"https:\/\/linitiative.ca\/International\/wp-json\/wp\/v2\/media?parent=102249"}],"wp:term":[{"taxonomy":"category","embeddable":true,"href":"https:\/\/linitiative.ca\/International\/wp-json\/wp\/v2\/categories?post=102249"},{"taxonomy":"post_tag","embeddable":true,"href":"https:\/\/linitiative.ca\/International\/wp-json\/wp\/v2\/tags?post=102249"}],"curies":[{"name":"wp","href":"https:\/\/api.w.org\/{rel}","templated":true}]}}