{"id":102250,"date":"2020-10-20T04:41:15","date_gmt":"2020-10-20T08:41:15","guid":{"rendered":"https:\/\/linitiative.ca\/International\/bm-leconomie-tunisienne-devrait-ralentir-de-92-au-lieu-de-4-en-2020\/"},"modified":"2020-10-20T04:41:15","modified_gmt":"2020-10-20T08:41:15","slug":"bm-leconomie-tunisienne-devrait-ralentir-de-92-au-lieu-de-4-en-2020","status":"publish","type":"post","link":"https:\/\/linitiative.ca\/International\/bm-leconomie-tunisienne-devrait-ralentir-de-92-au-lieu-de-4-en-2020\/","title":{"rendered":"BM : l\u2019\u00e9conomie tunisienne devrait ralentir de 9,2% au lieu de 4% en 2020"},"content":{"rendered":"<h2>L\u2019\u00e9conomie tunisienne devrait conna\u00eetre un ralentissement de 9,2% en 2020. Ce qui repr\u00e9sente une baisse par rapport<\/h2>\n<h2>aux premi\u00e8res pr\u00e9visions de -4 %, en lien avec la pand\u00e9mie de Covid-19.\u00a0 A indiqu\u00e9 la Banque mondiale ( BM) dans un<\/h2>\n<h2>rapport publi\u00e9 lundi.<\/h2>\n<p>Les bouleversements politiques provoqu\u00e9s par la\u00a0<a href=\"http:\/\/www.leconomistemaghrebin.com\/2020\/07\/02\/conflit-interets-demission-retrait-confiance-constitution\/\">d\u00e9mission du gouvernement d\u2019Elyes<\/a>\u00a0Fakhfakh et les perturbations de la production mini\u00e8re, outre la pand\u00e9mie sont parmi les facteurs \u00e0 l\u2019origine de ce ralentissement. Estime la BM dans ce rapport de suivi de la situation \u00e9conomique. La pauvret\u00e9 et la vuln\u00e9rabilit\u00e9 devraient augmenter. Et inverser la tendance \u00e0 la r\u00e9duction rapide de la pauvret\u00e9 observ\u00e9e ces derni\u00e8res ann\u00e9es.<\/p>\n<h2>Pauvret\u00e9 en hausse en 2020<\/h2>\n<p>Le pourcentage de la population susceptible de basculer dans la pauvret\u00e9 devrait, ainsi, cro\u00eetre en 2020. Ce pourcentage\u00a0 ne pourrait commencer \u00e0 diminuer qu\u2019\u00e0 partir de 2021. Estime encore la Banque.\u00a0 Et de pr\u00e9ciser que le nombre de pauvres et de personnes expos\u00e9es \u00e0 la pauvret\u00e9 \u00a0passerait de 16,6 \u00e0 22 % de la population totale. D\u2019apr\u00e8s la BM, le d\u00e9ficit du compte courant reste \u00e9lev\u00e9, s\u2019\u00e9tablissant \u00e0 7,1 % du PIB en 2020. Il s\u2019agit cependant d\u2019une am\u00e9lioration par rapport aux 8,8 % de 2019, les importations diminuant plus vite que les exportations. Ces facteurs sont de nature \u00e0 soutenir l\u2019accroissement continu des r\u00e9serves de change, qui couvraient 142 jours d\u2019importations en ao\u00fbt (contre 95 jours, un an plus t\u00f4t).<\/p>\n<p>En revanche, le d\u00e9ficit budg\u00e9taire s\u2019est aggrav\u00e9 en raison d\u2019une baisse de 11 % des recettes en milieu d\u2019ann\u00e9e, laquelle fait \u00e9cho au ralentissement de l\u2019activit\u00e9 \u00e9conomique et aux mesures de report d\u2019imp\u00f4ts. La masse salariale a augment\u00e9 de 14 % \u00e0 la mi-2020, ajoutant aux pressions sur les d\u00e9penses et signalant l\u2019absence de progr\u00e8s dans la ma\u00eetrise du fichier solde de l\u2019\u00c9tat. Ces facteurs accroissent la vuln\u00e9rabilit\u00e9 li\u00e9e \u00e0 la dette dans la mesure o\u00f9 elle devrait passer de 72,2 % du PIB en 2019 \u00e0 un pic de 86,6 % du PIB en 2020, ce qui est nettement sup\u00e9rieur \u00e0 l\u2019indice de r\u00e9f\u00e9rence du fardeau de la dette des march\u00e9s \u00e9mergents \u00e9tabli \u00e0 70 % du PIB, souligne la m\u00eames source.<\/p>\n<h2>La croissance s\u2019\u00e9tablirait autour de 6% en 2021 et de 2% en 2022<\/h2>\n<p>S\u2019agissant des perspectives pour les deux ann\u00e9es \u00e0 venir, la banque estime qu\u2019apr\u00e8s cette \u00a0contraction anticip\u00e9e de 9,2 % en 2020, la croissance devrait temporairement s\u2019acc\u00e9l\u00e9rer pour s\u2019\u00e9tablir autour de 6 % en 2021, \u00e0 mesure que les effets de la pand\u00e9mie s\u2019estompent. Cependant, apr\u00e8s cette br\u00e8ve embellie, la trajectoire de la croissance devrait revenir \u00e0 un rythme plus mod\u00e9r\u00e9 d\u2019environ 2 % en 2022.Le d\u00e9ficit du compte courant devrait, dans ce sens, r\u00e9tr\u00e9cir en m\u00eame temps que les industries d\u2019exportation remontent la pente.<\/p>\n<p>D\u2019apr\u00e8s la BM, cette am\u00e9lioration se produirait lentement, compte tenu des contraintes structurelles persistantes et de l\u2019incertitude politique ambiante. Le d\u00e9ficit budg\u00e9taire quant \u00e0 lui, devrait se creuser pour atteindre 8,1 % du PIB en 2020, avant de diminuer progressivement jusqu\u2019\u00e0 4,5 % d\u2019ici 2022, au regard des risques baissiers li\u00e9s \u00e0 une masse salariale croissante. Face \u00e0 ce \u00ab choc sans pr\u00e9c\u00e9dent \u00bb, la Banque mondiale pr\u00e9conise la n\u00e9cessit\u00e9 d\u2019engager des r\u00e9formes structurelles visant \u00e0 am\u00e9liorer les performances des entreprises publiques, \u00e0 accro\u00eetre la contestabilit\u00e9 des march\u00e9s et \u00e0 lutter contre la corruption. Elle estime toutefois, \u00a0que la question s\u00e9curitaire demeure une \u00a0autre pr\u00e9occupation pour l\u2019avenir, dans la mesure o\u00f9 elle pourrait entraver les perspectives de reprise du tourisme.<\/p>\n<div class=\"wp-post-author-wrap wp-post-author-shortcode left\">\n<h3 class=\"awpa-title\"\/>\n<div class=\"wp-post-author\">\n<div class=\"awpa-img awpa-author-block square\"><a href=\"http:\/\/lexpertjournal.net\/fr\/?author=5\"><img loading=\"lazy\" decoding=\"async\" alt=\"\" src=\"http:\/\/0.gravatar.com\/avatar\/97f8e10a1c1125ba104a76514ee07b16?s=150&amp;d=mm&amp;r=g\" srcset=\"http:\/\/0.gravatar.com\/avatar\/97f8e10a1c1125ba104a76514ee07b16?s=300&amp;d=mm&amp;r=g 2x\" class=\"avatar avatar-150 photo\" height=\"150\" width=\"150\"\/><\/a><\/div>\n<\/div>\n<\/div>\n<aside class=\"mashsb-container mashsb-main mashsb-stretched\">\n<\/aside>\n<p>Auteur: L&rsquo;expert<br \/>\n<a href=\"http:\/\/lexpertjournal.net\/fr\/?p=17035\">Cliquez ici pour lire l&rsquo;article depuis sa source.<\/a><\/p>\n","protected":false},"excerpt":{"rendered":"<p>L\u2019\u00e9conomie tunisienne devrait conna\u00eetre un ralentissement de 9,2% en 2020. Ce qui repr\u00e9sente une baisse par rapport aux premi\u00e8res pr\u00e9visions de -4 %, en lien avec la pand\u00e9mie de Covid-19.\u00a0 A indiqu\u00e9 la Banque mondiale ( BM) dans un rapport publi\u00e9 lundi. Les bouleversements politiques provoqu\u00e9s par la\u00a0d\u00e9mission du gouvernement d\u2019Elyes\u00a0Fakhfakh et les perturbations de [&hellip;]<\/p>\n","protected":false},"author":1775,"featured_media":0,"comment_status":"closed","ping_status":"closed","sticky":false,"template":"","format":"standard","meta":{"fifu_image_url":"","fifu_image_alt":"","footnotes":""},"categories":[78,55],"tags":[],"class_list":["post-102250","post","type-post","status-publish","format-standard","hentry","category-economie","category-tunisie"],"_links":{"self":[{"href":"https:\/\/linitiative.ca\/International\/wp-json\/wp\/v2\/posts\/102250","targetHints":{"allow":["GET"]}}],"collection":[{"href":"https:\/\/linitiative.ca\/International\/wp-json\/wp\/v2\/posts"}],"about":[{"href":"https:\/\/linitiative.ca\/International\/wp-json\/wp\/v2\/types\/post"}],"author":[{"embeddable":true,"href":"https:\/\/linitiative.ca\/International\/wp-json\/wp\/v2\/users\/1775"}],"replies":[{"embeddable":true,"href":"https:\/\/linitiative.ca\/International\/wp-json\/wp\/v2\/comments?post=102250"}],"version-history":[{"count":0,"href":"https:\/\/linitiative.ca\/International\/wp-json\/wp\/v2\/posts\/102250\/revisions"}],"wp:attachment":[{"href":"https:\/\/linitiative.ca\/International\/wp-json\/wp\/v2\/media?parent=102250"}],"wp:term":[{"taxonomy":"category","embeddable":true,"href":"https:\/\/linitiative.ca\/International\/wp-json\/wp\/v2\/categories?post=102250"},{"taxonomy":"post_tag","embeddable":true,"href":"https:\/\/linitiative.ca\/International\/wp-json\/wp\/v2\/tags?post=102250"}],"curies":[{"name":"wp","href":"https:\/\/api.w.org\/{rel}","templated":true}]}}