{"id":102261,"date":"2020-10-20T11:40:00","date_gmt":"2020-10-20T15:40:00","guid":{"rendered":"https:\/\/linitiative.ca\/International\/levee-de-limmunite-parlementaire-pour-le-president-du-rcd\/"},"modified":"2020-10-20T11:40:00","modified_gmt":"2020-10-20T15:40:00","slug":"levee-de-limmunite-parlementaire-pour-le-president-du-rcd","status":"publish","type":"post","link":"https:\/\/linitiative.ca\/International\/levee-de-limmunite-parlementaire-pour-le-president-du-rcd\/","title":{"rendered":"Lev\u00e9e de l\u2019immunit\u00e9 parlementaire pour le pr\u00e9sident du RCD"},"content":{"rendered":"<div id=\"originalText\" readability=\"62\">\n<p class=\"c6\">Les d\u00e9put\u00e9s de l\u2019Assembl\u00e9e Populaire Nationales (APN), ont vot\u00e9, en majorit\u00e9, ce mardi, pour la lev\u00e9e de l\u2019immunit\u00e9 parlementaire pour Mohcine Belabbas, Pr\u00e9sident du Rassemblement pour la Culture et la D\u00e9mocratie (RCD).<\/p>\n<p class=\"c6\">Lors d\u2019une s\u00e9ance pl\u00e9ni\u00e8re \u00e0 huis clos, tenue \u00e0 l\u2019assembl\u00e9e populaire nationale (APN), 242 d\u00e9put\u00e9s ont vot\u00e9 \u00ab oui \u00bb pour la lev\u00e9e de l\u2019immunit\u00e9 parlementaire du pr\u00e9sident de l\u2019un des partis les plus anciens de l\u2019opposition (RCD).<\/p>\n<p class=\"c6\">L\u2019ancien ministre des travaux publics, d\u00e9put\u00e9 de l\u2019FLN, Abdelkader Ouali, \u00e9galement vis\u00e9 par la m\u00eame proc\u00e9dure, a pour sa part renonc\u00e9, en d\u00e9but de cet apr\u00e8s-midi, \u00e0 son immunit\u00e9 parlementaire.<\/p>\n<p class=\"c6\">Pour rappel, la Commission des affaires juridiques, administratives et des libert\u00e9s de l&rsquo;APN s&rsquo;\u00e9tait r\u00e9unie le 7 octobre 2020 pour examiner la demande de lev\u00e9e de l&rsquo;immunit\u00e9 parlementaire aux d\u00e9put\u00e9s, Abdelkader Ouali et Mohcine Belabbas.<\/p>\n<p class=\"c7\"><strong>Kenza Sifi<\/strong><\/p>\n<\/div>\n<div id=\"text_core\" readability=\"62\">\n<p class=\"c6\">Les d\u00e9put\u00e9s de l\u2019Assembl\u00e9e Populaire Nationales (APN), ont vot\u00e9, en majorit\u00e9, ce mardi, pour la lev\u00e9e de l\u2019immunit\u00e9 parlementaire pour Mohcine Belabbas, Pr\u00e9sident du Rassemblement pour la Culture et la D\u00e9mocratie (RCD).<\/p>\n<p class=\"c6\">Lors d\u2019une s\u00e9ance pl\u00e9ni\u00e8re \u00e0 huis clos, tenue \u00e0 l\u2019assembl\u00e9e populaire nationale (APN), 242 d\u00e9put\u00e9s ont vot\u00e9 \u00ab oui \u00bb pour la lev\u00e9e de l\u2019immunit\u00e9 parlementaire du pr\u00e9sident de l\u2019un des partis les plus anciens de l\u2019opposition (RCD).<\/p>\n<p class=\"c6\">L\u2019ancien ministre des travaux publics, d\u00e9put\u00e9 de l\u2019FLN, Abdelkader Ouali, \u00e9galement vis\u00e9 par la m\u00eame proc\u00e9dure, a pour sa part renonc\u00e9, en d\u00e9but de cet apr\u00e8s-midi, \u00e0 son immunit\u00e9 parlementaire.<\/p>\n<p class=\"c6\">Pour rappel, la Commission des affaires juridiques, administratives et des libert\u00e9s de l&rsquo;APN s&rsquo;\u00e9tait r\u00e9unie le 7 octobre 2020 pour examiner la demande de lev\u00e9e de l&rsquo;immunit\u00e9 parlementaire aux d\u00e9put\u00e9s, Abdelkader Ouali et Mohcine Belabbas.<\/p>\n<p class=\"c7\"><strong>Kenza Sifi<\/strong><\/p>\n<\/div>\n<p>Auteur:<br \/>\n<a href=\"https:\/\/www.liberte-algerie.com\/actualite\/levee-de-limmunite-parlementaire-pour-le-president-du-rcd-347601\">Cliquez ici pour lire l&rsquo;article depuis sa source.<\/a><\/p>\n","protected":false},"excerpt":{"rendered":"<p>Les d\u00e9put\u00e9s de l\u2019Assembl\u00e9e Populaire Nationales (APN), ont vot\u00e9, en majorit\u00e9, ce mardi, pour la lev\u00e9e de l\u2019immunit\u00e9 parlementaire pour Mohcine Belabbas, Pr\u00e9sident du Rassemblement pour la Culture et la D\u00e9mocratie (RCD). Lors d\u2019une s\u00e9ance pl\u00e9ni\u00e8re \u00e0 huis clos, tenue \u00e0 l\u2019assembl\u00e9e populaire nationale (APN), 242 d\u00e9put\u00e9s ont vot\u00e9 \u00ab oui \u00bb pour la lev\u00e9e [&hellip;]<\/p>\n","protected":false},"author":1742,"featured_media":0,"comment_status":"closed","ping_status":"closed","sticky":false,"template":"","format":"standard","meta":{"fifu_image_url":"","fifu_image_alt":"","footnotes":""},"categories":[73,53],"tags":[],"class_list":["post-102261","post","type-post","status-publish","format-standard","hentry","category-actualite","category-algerie"],"_links":{"self":[{"href":"https:\/\/linitiative.ca\/International\/wp-json\/wp\/v2\/posts\/102261","targetHints":{"allow":["GET"]}}],"collection":[{"href":"https:\/\/linitiative.ca\/International\/wp-json\/wp\/v2\/posts"}],"about":[{"href":"https:\/\/linitiative.ca\/International\/wp-json\/wp\/v2\/types\/post"}],"author":[{"embeddable":true,"href":"https:\/\/linitiative.ca\/International\/wp-json\/wp\/v2\/users\/1742"}],"replies":[{"embeddable":true,"href":"https:\/\/linitiative.ca\/International\/wp-json\/wp\/v2\/comments?post=102261"}],"version-history":[{"count":0,"href":"https:\/\/linitiative.ca\/International\/wp-json\/wp\/v2\/posts\/102261\/revisions"}],"wp:attachment":[{"href":"https:\/\/linitiative.ca\/International\/wp-json\/wp\/v2\/media?parent=102261"}],"wp:term":[{"taxonomy":"category","embeddable":true,"href":"https:\/\/linitiative.ca\/International\/wp-json\/wp\/v2\/categories?post=102261"},{"taxonomy":"post_tag","embeddable":true,"href":"https:\/\/linitiative.ca\/International\/wp-json\/wp\/v2\/tags?post=102261"}],"curies":[{"name":"wp","href":"https:\/\/api.w.org\/{rel}","templated":true}]}}