{"id":102262,"date":"2020-10-20T07:27:04","date_gmt":"2020-10-20T11:27:04","guid":{"rendered":"https:\/\/linitiative.ca\/International\/aguerd-creation-de-lassociation-des-oeuvres-sociales-de-la-commune\/"},"modified":"2020-10-20T07:27:04","modified_gmt":"2020-10-20T11:27:04","slug":"aguerd-creation-de-lassociation-des-oeuvres-sociales-de-la-commune","status":"publish","type":"post","link":"https:\/\/linitiative.ca\/International\/aguerd-creation-de-lassociation-des-oeuvres-sociales-de-la-commune\/","title":{"rendered":"Aguerd: Cr\u00e9ation de l\u2019association des \u0153uvres sociales de la commune"},"content":{"rendered":"<div class=\"single-featured\"><img alt=\"\" data-src=\"http:\/\/www.mapmarrakech.ma\/map\/uploads\/2020\/10\/association-des-oeuvres-sociales-aguerd-copier.jpg\"\/><\/div>\n<div class=\"single-post-excerpt post-excerpt-bc\" readability=\"34\">\n<p>Essaouira \u2013 L\u2019association des \u0153uvres sociales des fonctionnaires et retrait\u00e9s de la commune d\u2019Aguerd vient de voir le jour \u00e0 l\u2019issue d\u2019une assembl\u00e9e g\u00e9n\u00e9rale constitutive tenue r\u00e9cemment au si\u00e8ge de ladite commune.<\/p>\n<\/div>\n<div class=\"entry-content clearfix single-post-content\" readability=\"54\">\n<p>Cette assembl\u00e9e s\u2019est d\u00e9roul\u00e9e dans le strict respect des mesures de pr\u00e9vention et de pr\u00e9caution en vue de freiner la propagation de la pand\u00e9mie du nouveau coronavirus, en pr\u00e9sence des repr\u00e9sentants des autorit\u00e9s locales.<\/p>\n<p>Lors de cette assembl\u00e9e constitutive, lecture a \u00e9t\u00e9 donn\u00e9e au statut de l\u2019association avant de proc\u00e9der \u00e0 son examen et \u00e0 son approbation \u00e0 l\u2019unanimit\u00e9 par l\u2019assistance.<\/p>\n<p>Par la suite, il a \u00e9t\u00e9 proc\u00e9d\u00e9 \u00e0 l\u2019op\u00e9ration d\u2019\u00e9lection des membres du bureau dirigeant, dont la pr\u00e9sidence sera assur\u00e9e par M. Aziz Dayer.<\/p>\n<p>Outre M. Dayer, le bureau de l\u2019association des \u0153uvres sociales des fonctionnaires et retrait\u00e9s de la commune d\u2019Aguerd, est compos\u00e9e de MM. Aziz Salmane et Ahmed Assouss, respectivement vice-pr\u00e9sident et secr\u00e9taire g\u00e9n\u00e9ral, de Mmes Aicha Atanan (secr\u00e9taire g\u00e9n\u00e9ral adjoint), Amina Hilate (tr\u00e9sorier) et Aicha Ait Taleb (tr\u00e9sorier adjoint) et de M. Mohamed Sarhane (conseiller).<\/p>\n<\/div>\n<p>Auteur: Meriem IGASS<br \/>\n<a href=\"http:\/\/www.mapmarrakech.ma\/fr\/creation-de-lassociation-des-oeuvres-sociales-de-la-commune-daguerd\/\">Cliquez ici pour lire l&rsquo;article depuis sa source.<\/a><\/p>\n","protected":false},"excerpt":{"rendered":"<p>Essaouira \u2013 L\u2019association des \u0153uvres sociales des fonctionnaires et retrait\u00e9s de la commune d\u2019Aguerd vient de voir le jour \u00e0 l\u2019issue d\u2019une assembl\u00e9e g\u00e9n\u00e9rale constitutive tenue r\u00e9cemment au si\u00e8ge de ladite commune. Cette assembl\u00e9e s\u2019est d\u00e9roul\u00e9e dans le strict respect des mesures de pr\u00e9vention et de pr\u00e9caution en vue de freiner la propagation de la [&hellip;]<\/p>\n","protected":false},"author":1788,"featured_media":102263,"comment_status":"closed","ping_status":"closed","sticky":false,"template":"","format":"standard","meta":{"fifu_image_url":"","fifu_image_alt":"","footnotes":""},"categories":[54,76],"tags":[],"class_list":["post-102262","post","type-post","status-publish","format-standard","has-post-thumbnail","hentry","category-maroc","category-regions"],"_links":{"self":[{"href":"https:\/\/linitiative.ca\/International\/wp-json\/wp\/v2\/posts\/102262","targetHints":{"allow":["GET"]}}],"collection":[{"href":"https:\/\/linitiative.ca\/International\/wp-json\/wp\/v2\/posts"}],"about":[{"href":"https:\/\/linitiative.ca\/International\/wp-json\/wp\/v2\/types\/post"}],"author":[{"embeddable":true,"href":"https:\/\/linitiative.ca\/International\/wp-json\/wp\/v2\/users\/1788"}],"replies":[{"embeddable":true,"href":"https:\/\/linitiative.ca\/International\/wp-json\/wp\/v2\/comments?post=102262"}],"version-history":[{"count":0,"href":"https:\/\/linitiative.ca\/International\/wp-json\/wp\/v2\/posts\/102262\/revisions"}],"wp:featuredmedia":[{"embeddable":true,"href":"https:\/\/linitiative.ca\/International\/wp-json\/"}],"wp:attachment":[{"href":"https:\/\/linitiative.ca\/International\/wp-json\/wp\/v2\/media?parent=102262"}],"wp:term":[{"taxonomy":"category","embeddable":true,"href":"https:\/\/linitiative.ca\/International\/wp-json\/wp\/v2\/categories?post=102262"},{"taxonomy":"post_tag","embeddable":true,"href":"https:\/\/linitiative.ca\/International\/wp-json\/wp\/v2\/tags?post=102262"}],"curies":[{"name":"wp","href":"https:\/\/api.w.org\/{rel}","templated":true}]}}