{"id":102264,"date":"2020-10-20T07:56:27","date_gmt":"2020-10-20T11:56:27","guid":{"rendered":"https:\/\/linitiative.ca\/International\/mobilisation-associative-pour-la-sensibilisation-aux-dangers-de-la-covid-19\/"},"modified":"2020-10-20T07:56:27","modified_gmt":"2020-10-20T11:56:27","slug":"mobilisation-associative-pour-la-sensibilisation-aux-dangers-de-la-covid-19","status":"publish","type":"post","link":"https:\/\/linitiative.ca\/International\/mobilisation-associative-pour-la-sensibilisation-aux-dangers-de-la-covid-19\/","title":{"rendered":"Mobilisation associative pour la sensibilisation aux dangers de la Covid-19"},"content":{"rendered":"<div readability=\"40\">\n<p>Par : Hassan EL AMRI<br \/>Essaouira \u2013 Alors que les autorit\u00e9s comp\u00e9tentes d\u2019Essaouira et les diff\u00e9rents services concern\u00e9s, tous corps confondus, poursuivent leur combat quotidien et sans rel\u00e2che pour la lutte contre la propagation du nouveau coronavirus (Covid-19), les jeunes acteurs de la soci\u00e9t\u00e9 civile dans la Cit\u00e9 des Aliz\u00e9s continuent, eux aussi, leur mobilisation citoyenne en vue de sensibiliser la population aux dangers de la pand\u00e9mie et au devoir du respect scrupuleux des gestes barri\u00e8res.<\/p>\n<\/div>\n<div readability=\"151\">\n<p>Ainsi, une nouvelle campagne de conscientisation et de sensibilisation a \u00e9t\u00e9 men\u00e9e, en fin de semaine, par les membres de l\u2019Association \u00ab\u00a0Moga\u2019Jeunes\u00a0\u00bb afin de rappeler \u00e0 la population l\u2019imp\u00e9ratif vital d\u2019observer strictement les mesures de pr\u00e9vention et de pr\u00e9caution \u00e9dict\u00e9es par les autorit\u00e9s sanitaires en vue d\u2019endiguer la propagation de ce virus mortel, dont l\u2019impact demeure visible dans tous les aspects du v\u00e9cu quotidien aussi bien \u00e0 l\u2019\u00e9chelle locale que nationale.<\/p>\n<p>Plac\u00e9e sous le signe \u00ab\u00a0Jeunes, en vous prot\u00e9geant c\u2019est votre avenir que vous sauvez !\u00a0\u00bb, cette nouvelle op\u00e9ration civique, initi\u00e9e par les associations des jeunes, unies sous le label \u00ab\u00a0Morocco l\u2019Ghedd\u00a0\u00bb, dont fait partie \u00ab\u00a0Moga\u2019Jeunes\u00a0\u00bb, en collaboration avec l\u2019association \u00ab\u00a0Marocains Pluriels\u00a0\u00bb, vient d\u00e9montrer, si besoin est, l\u2019engagement r\u00e9solu et la volont\u00e9 in\u00e9branlable qui animent cette jeunesse fortement dynamique en vue de contribuer, selon les moyens disponibles, aux efforts soutenus d\u00e9ploy\u00e9s des mois durant par toutes les composantes de la soci\u00e9t\u00e9 en vue de vaincre ce mal invisible.<\/p>\n<p>Cette action citoyenne s\u2019assigne pour objectifs de renforcer la prise de conscience quant \u00e0 l\u2019obligation de se conformer aux consignes de s\u00e9curit\u00e9 sanitaire pour la lutte contre le nouveau coronavirus, surtout face \u00e0 l\u2019insouciance et \u00e0 l\u2019attitude parfois irresponsable dont font montre certains citoyens, dont des jeunes, qui ne respectent pas les mesures pr\u00e9conis\u00e9es pour combattre la pand\u00e9mie, \u00e0 m\u00eame de s\u2019exposer eux-m\u00eames au risque d\u2019infection par le virus ou de mettre en danger, en cas de contamination, la sant\u00e9, voire la vie des membres de leurs familles ou proches.<\/p>\n<p>Ainsi, les militants de \u00ab\u00a0Moga\u2019Jeunes\u00a0\u00bb ont proc\u00e9d\u00e9 \u00e0 la distribution de flyers et au collage de stickers et d\u2019affiches dans plusieurs espaces de la ville, afin d\u2019attirer davantage l\u2019attention de la population locale et des visiteurs de la Cit\u00e9 des Aliz\u00e9s sur les risques li\u00e9s \u00e0 cette pand\u00e9mie et d\u2019aiguiser les volont\u00e9s pour lutter contre tout rel\u00e2chement dans l\u2019application des r\u00e8gles sanitaires, notamment le port correct des masques de protection, le respect de la distanciation physique et le lavage r\u00e9gulier des mains par des solutions hydroalcooliques.<\/p>\n<p>Dans une d\u00e9claration \u00e0 la MAP \u00e0 cette occasion, le pr\u00e9sident de \u00ab\u00a0Moga\u2019Jeunes\u00a0\u00bb, Otmane Mazzine, a soulign\u00e9 que cette campagne s\u2019inscrit dans le prolongement des pr\u00e9c\u00e9dentes op\u00e9rations de sensibilisation men\u00e9es par son association \u00e0 l\u2019\u00e9chelle d\u2019Essaouira, dans le cadre du label \u00ab\u00a0Morocco l\u2019Ghedd\u00a0\u00bb en collaboration avec l\u2019association \u00ab\u00a0Marocains Pluriels\u00a0\u00bb et ce, en vue d\u2019\u00e9veiller les consciences, de renforcer la vigilance et d\u2019intensifier la mobilisation pour vaincre la Covid-19.<\/p>\n<p>Port\u00e9e par de nombreux jeunes acteurs associatifs dans plusieurs villes, cette initiative, qui d\u00e9montre l\u2019apport de la jeunesse \u00e0 l\u2019effort collectif de lutte contre le nouveau coronavirus, a pour finalit\u00e9 de \u00ab\u00a0mieux responsabiliser\u00a0\u00bb aussi bien les Souiris que leurs concitoyens dans les autres r\u00e9gions du Royaume, a-t-il pr\u00e9cis\u00e9, affirmant que chaque individu a la lourde responsabilit\u00e9, en cette conjoncture exceptionnelle, de veiller \u00e0 assurer sa s\u00e9curit\u00e9 sanitaire et celle des autres afin de freiner la propagation du virus.<\/p>\n<p>Relevant que la Covid-19 a mis en \u00e9vidence la n\u00e9cessit\u00e9 croissante des actions de mobilisation et de sensibilisation au sein de la soci\u00e9t\u00e9 et l\u2019importance de la mutualisation des efforts des associations afin d\u2019appuyer les actions inlassables des autorit\u00e9s comp\u00e9tentes pour surmonter cette rude \u00e9preuve impos\u00e9e par cette crise sanitaire in\u00e9dite, M. Mazzine a soutenu qu&rsquo;\u00a0\u00bbil est devenu capital pour nous, en tant que tissu associatif, de travailler la main dans la main, d\u2019agir en commun et d\u2019unifier nos actions \u00e0 travers le Royaume pour atteindre les objectifs souhait\u00e9s\u00a0\u00bb.<\/p>\n<p>\u00ab\u00a0La sensibilisation, la conscientisation et la responsabilisation des citoyens demeurent l\u2019un des principaux moyens pour combattre le nouveau coronavirus\u00a0\u00bb, a-t-il martel\u00e9, estimant, en conclusion, que les op\u00e9rations de terrain et les actions de proximit\u00e9 sont devenues incontournables pour que la mobilisation et la vigilance soient toujours de mise afin de sortir de cette crise avec les moindres d\u00e9g\u00e2ts possibles.<\/p>\n<p>De son c\u00f4t\u00e9, le pr\u00e9sident de l\u2019association \u00ab\u00a0Marocains Pluriels\u00a0\u00bb, Ahmed Ghayat, a not\u00e9 que cette nouvelle campagne de sensibilisation intervient apr\u00e8s celle men\u00e9e il y a quelques semaines et qui portait sur la protection des personnes \u00e2g\u00e9es, avec encore et toujours un appel vibrant \u00e0 respecter les gestes barri\u00e8res pour se prot\u00e9ger et prot\u00e9ger les autres de la Covid-19.<\/p>\n<p>Rappelant que tous ces jeunes acteurs associatifs sont, depuis huit mois, mobilis\u00e9s sur le terrain pour apporter leur contribution au combat men\u00e9 sans r\u00e9pit contre la pand\u00e9mie du nouveau coronavirus, M. Ghayat a tenu \u00e0 saluer \u00ab\u00a0leur d\u00e9termination, leur courage et leur engagement qui doivent faire notre admiration \u00e0 tous en cette conjoncture tr\u00e8s exceptionnelle\u00a0\u00bb.<\/p>\n<p>\u00ab\u00a0Voil\u00e0 l\u2019exemple de jeunes engag\u00e9s -tels que ceux de Moga\u2019Jeunes- conscients de leur r\u00f4le et de leur apport au sein de la soci\u00e9t\u00e9. Ils sont solidaires, patriotes et courageux : une preuve concr\u00e8te que nos jeunes sont capables de donner le meilleur d\u2019eux-m\u00eames quand ils sont acteurs, lorsqu\u2019on leur fait confiance et lorsqu\u2019ils acc\u00e8dent \u00e0 des responsabilit\u00e9s\u00a0\u00bb, s\u2019est-il r\u00e9joui.<\/p>\n<p>\u00ab\u00a0Quelle meilleure preuve et quelle meilleure d\u00e9monstration que les solutions existent et qu\u2019il est temps de s\u2019en inspirer\u00a0\u00bb, a-t-il pr\u00e9cis\u00e9, soulignant que ces jeunes qui s\u2019activent dans les diff\u00e9rentes r\u00e9gions et villes du Royaume \u00ab\u00a0nous en font l\u2019\u00e9clatante d\u00e9monstration \u00e0 travers l\u2019engagement associatif et la consolidation de la culture du travail de terrain et de proximit\u00e9\u00a0\u00bb.<\/p>\n<\/div>\n<p>Auteur: Meriem IGASS<br \/>\n<a href=\"http:\/\/www.mapmarrakech.ma\/fr\/mobilisation-associative-pour-la-sensibilisation-aux-dangers-de-la-covid-19\/\">Cliquez ici pour lire l&rsquo;article depuis sa source.<\/a><\/p>\n","protected":false},"excerpt":{"rendered":"<p>Par : Hassan EL AMRIEssaouira \u2013 Alors que les autorit\u00e9s comp\u00e9tentes d\u2019Essaouira et les diff\u00e9rents services concern\u00e9s, tous corps confondus, poursuivent leur combat quotidien et sans rel\u00e2che pour la lutte contre la propagation du nouveau coronavirus (Covid-19), les jeunes acteurs de la soci\u00e9t\u00e9 civile dans la Cit\u00e9 des Aliz\u00e9s continuent, eux aussi, leur mobilisation citoyenne [&hellip;]<\/p>\n","protected":false},"author":1788,"featured_media":0,"comment_status":"closed","ping_status":"closed","sticky":false,"template":"","format":"standard","meta":{"fifu_image_url":"","fifu_image_alt":"","footnotes":""},"categories":[54,76],"tags":[],"class_list":["post-102264","post","type-post","status-publish","format-standard","hentry","category-maroc","category-regions"],"_links":{"self":[{"href":"https:\/\/linitiative.ca\/International\/wp-json\/wp\/v2\/posts\/102264","targetHints":{"allow":["GET"]}}],"collection":[{"href":"https:\/\/linitiative.ca\/International\/wp-json\/wp\/v2\/posts"}],"about":[{"href":"https:\/\/linitiative.ca\/International\/wp-json\/wp\/v2\/types\/post"}],"author":[{"embeddable":true,"href":"https:\/\/linitiative.ca\/International\/wp-json\/wp\/v2\/users\/1788"}],"replies":[{"embeddable":true,"href":"https:\/\/linitiative.ca\/International\/wp-json\/wp\/v2\/comments?post=102264"}],"version-history":[{"count":0,"href":"https:\/\/linitiative.ca\/International\/wp-json\/wp\/v2\/posts\/102264\/revisions"}],"wp:attachment":[{"href":"https:\/\/linitiative.ca\/International\/wp-json\/wp\/v2\/media?parent=102264"}],"wp:term":[{"taxonomy":"category","embeddable":true,"href":"https:\/\/linitiative.ca\/International\/wp-json\/wp\/v2\/categories?post=102264"},{"taxonomy":"post_tag","embeddable":true,"href":"https:\/\/linitiative.ca\/International\/wp-json\/wp\/v2\/tags?post=102264"}],"curies":[{"name":"wp","href":"https:\/\/api.w.org\/{rel}","templated":true}]}}