{"id":102265,"date":"2020-10-20T09:46:12","date_gmt":"2020-10-20T13:46:12","guid":{"rendered":"https:\/\/linitiative.ca\/International\/chu-mise-en-pratique-de-lhypothermie-du-nouveau-ne\/"},"modified":"2020-10-20T09:46:12","modified_gmt":"2020-10-20T13:46:12","slug":"chu-mise-en-pratique-de-lhypothermie-du-nouveau-ne","status":"publish","type":"post","link":"https:\/\/linitiative.ca\/International\/chu-mise-en-pratique-de-lhypothermie-du-nouveau-ne\/","title":{"rendered":"CHU: Mise en pratique de l\u2019hypothermie du nouveau-n\u00e9"},"content":{"rendered":"<div readability=\"35\">\n<p>Marrakech \u2013 Le service de r\u00e9animation n\u00e9onatale du Centre Hospitalier Universitaire (CHU) Mohammed VI de Marrakech vient d\u2019annoncer avoir mis en pratique l\u2019hypothermie globale th\u00e9rapeutique du nouveau-n\u00e9 pr\u00e9sentant une enc\u00e9phalopathie anoxique p\u00e9rinatale afin de r\u00e9pondre aux besoins de ces b\u00e9b\u00e9s en souffrance neurologique.<\/p>\n<\/div>\n<div readability=\"94\">\n<p>Ainsi, le premier nouveau-n\u00e9 vient d\u2019\u00eatre trait\u00e9 avec succ\u00e8s le 17 octobre dernier, fait savoir le Centre Hospitalier Universitaire, soulignant qu\u2019une \u00ab\u00a0am\u00e9lioration importante\u00a0\u00bb de son \u00e9tat neurologique a \u00e9t\u00e9 not\u00e9e tant sur le plan clinique que sur le plan des investigations.<\/p>\n<p>\u00ab\u00a0Aujourd\u2019hui, notre protocole est valid\u00e9 et consiste \u00e0 soumettre les nouveau-n\u00e9s ayant souffert d\u2019asphyxie p\u00e9rinatale \u00e0 un refroidissement de tout le corps \u00e0 une temp\u00e9rature contr\u00f4l\u00e9e de 33,5\u2033C pendant une dur\u00e9e de 72 heures, suivie par une phase de r\u00e9chauffement progressif\u00a0\u00bb, affirme le CHU dans un communiqu\u00e9.<\/p>\n<p>Et la m\u00eame source de pr\u00e9ciser que \u00ab\u00a0pour \u00eatre efficace, l\u2019hypothermie doit \u00eatre mise en \u0153uvre dans les 6 premi\u00e8res heures de vie dans un milieu de r\u00e9animation n\u00e9onatale et sous une surveillance stricte d\u2019un personnel qualifi\u00e9\u00a0\u00bb.<\/p>\n<p>\u00ab\u00a0Le service de r\u00e9animation n\u00e9onatale du CHU Mohammed VI de Marrakech s\u2019est dot\u00e9, r\u00e9cemment, de l\u2019\u00e9quipement n\u00e9cessaire pour pratiquer de l\u2019hypothermie th\u00e9rapeutique globale et est, de ce fait, en mesure de r\u00e9pondre aux besoins de ces b\u00e9b\u00e9s en souffrance neurologique\u00a0\u00bb, rel\u00e8ve le communiqu\u00e9.<\/p>\n<p>Depuis 2012, rappelle la m\u00eame source, ledit service de r\u00e9animation n\u00e9onatale \u00e9tait le premier Centre au Maghreb qui a utilis\u00e9 une nouvelle th\u00e9rapeutique par le froid chez les nouveau-n\u00e9s affect\u00e9s, \u00e0 savoir l\u2019hypothermie th\u00e9rapeutique s\u00e9lective qui repr\u00e9sente une v\u00e9ritable avanc\u00e9e dans le traitement de ces nouveau-n\u00e9s en permettant d\u2019\u00e9viter la mort des cellules nerveuses endommag\u00e9es par le manque d\u2019oxyg\u00e8ne.<\/p>\n<p>\u00ab\u00a0Son impact sur la r\u00e9duction de la mortalit\u00e9 et des s\u00e9quelles a \u00e9t\u00e9 d\u00e9montr\u00e9. Il s\u2019agit d\u2019une nouvelle technique de traitement par le froid des nouveau-n\u00e9s \u00e0 terme qui souffrent d\u2019une asphyxie p\u00e9rinatale, (manque d\u2019oxyg\u00e8ne au moment de la naissance)\u00a0\u00bb, explique-t-on.<\/p>\n<p>Au Maroc, l\u2019asphyxie p\u00e9rinatale demeure encore un probl\u00e8me fr\u00e9quent qui affecte 8 \u00e0 10 nouveau-n\u00e9s \u00e0 terme pour 1.000 naissances contre 2 \u00e0 3 cas pour 1.000 dans les pays d\u00e9velopp\u00e9s, note le communiqu\u00e9.<\/p>\n<p>Sa gravit\u00e9 est li\u00e9e \u00e0 la mortalit\u00e9 et \u00e0 la morbidit\u00e9 lourde qu\u2019elle peut entrainer et constitue, de ce fait, un des probl\u00e8mes majeurs de sant\u00e9 chez les nouveau-n\u00e9s \u00e0 terme : la mortalit\u00e9 est estim\u00e9e de 15 \u00e0 25% des cas.<\/p>\n<p>\u00ab\u00a0Parmi les survivants, 25 \u00e0 30% vont garder des s\u00e9quelles neurologiques comme un retard mental, des troubles cognitifs, une \u00e9pilepsie\u2026\u00a0\u00bb, fait savoir la m\u00eame source.<\/p>\n<\/div>\n<p>Auteur: Meriem IGASS<br \/>\n<a href=\"http:\/\/www.mapmarrakech.ma\/fr\/chu-mise-en-pratique-de-lhypothermie-du-nouveau-ne\/\">Cliquez ici pour lire l&rsquo;article depuis sa source.<\/a><\/p>\n","protected":false},"excerpt":{"rendered":"<p>Marrakech \u2013 Le service de r\u00e9animation n\u00e9onatale du Centre Hospitalier Universitaire (CHU) Mohammed VI de Marrakech vient d\u2019annoncer avoir mis en pratique l\u2019hypothermie globale th\u00e9rapeutique du nouveau-n\u00e9 pr\u00e9sentant une enc\u00e9phalopathie anoxique p\u00e9rinatale afin de r\u00e9pondre aux besoins de ces b\u00e9b\u00e9s en souffrance neurologique. Ainsi, le premier nouveau-n\u00e9 vient d\u2019\u00eatre trait\u00e9 avec succ\u00e8s le 17 octobre [&hellip;]<\/p>\n","protected":false},"author":1788,"featured_media":0,"comment_status":"closed","ping_status":"closed","sticky":false,"template":"","format":"standard","meta":{"fifu_image_url":"","fifu_image_alt":"","footnotes":""},"categories":[54,76],"tags":[],"class_list":["post-102265","post","type-post","status-publish","format-standard","hentry","category-maroc","category-regions"],"_links":{"self":[{"href":"https:\/\/linitiative.ca\/International\/wp-json\/wp\/v2\/posts\/102265","targetHints":{"allow":["GET"]}}],"collection":[{"href":"https:\/\/linitiative.ca\/International\/wp-json\/wp\/v2\/posts"}],"about":[{"href":"https:\/\/linitiative.ca\/International\/wp-json\/wp\/v2\/types\/post"}],"author":[{"embeddable":true,"href":"https:\/\/linitiative.ca\/International\/wp-json\/wp\/v2\/users\/1788"}],"replies":[{"embeddable":true,"href":"https:\/\/linitiative.ca\/International\/wp-json\/wp\/v2\/comments?post=102265"}],"version-history":[{"count":0,"href":"https:\/\/linitiative.ca\/International\/wp-json\/wp\/v2\/posts\/102265\/revisions"}],"wp:attachment":[{"href":"https:\/\/linitiative.ca\/International\/wp-json\/wp\/v2\/media?parent=102265"}],"wp:term":[{"taxonomy":"category","embeddable":true,"href":"https:\/\/linitiative.ca\/International\/wp-json\/wp\/v2\/categories?post=102265"},{"taxonomy":"post_tag","embeddable":true,"href":"https:\/\/linitiative.ca\/International\/wp-json\/wp\/v2\/tags?post=102265"}],"curies":[{"name":"wp","href":"https:\/\/api.w.org\/{rel}","templated":true}]}}