{"id":102266,"date":"2020-10-20T09:55:29","date_gmt":"2020-10-20T13:55:29","guid":{"rendered":"https:\/\/linitiative.ca\/International\/le-musee-yves-saint-laurent-de-nouveau-ouvert-au-public\/"},"modified":"2020-10-20T09:55:29","modified_gmt":"2020-10-20T13:55:29","slug":"le-musee-yves-saint-laurent-de-nouveau-ouvert-au-public","status":"publish","type":"post","link":"https:\/\/linitiative.ca\/International\/le-musee-yves-saint-laurent-de-nouveau-ouvert-au-public\/","title":{"rendered":"Le mus\u00e9e Yves Saint Laurent de nouveau ouvert au public"},"content":{"rendered":"<div readability=\"36\">\n<p>Marrakech \u2013 La Fondation Jardin Majorelle vient d\u2019annoncer la r\u00e9ouverture, mercredi, du mus\u00e9e Yves Saint Laurent apr\u00e8s le succ\u00e8s de la r\u00e9ouverture du Jardin Majorelle et du mus\u00e9e Pierre Berg\u00e9 des arts berb\u00e8res.<\/p>\n<\/div>\n<div readability=\"104\">\n<p>\u00ab\u00a0Depuis plusieurs semaines, les \u00e9quipes ont pr\u00e9par\u00e9 la reprise des activit\u00e9s, en veillant \u00e0 la s\u00e9curit\u00e9 du public \u00ab\u00a0, indique cette institution culturelle dans un communiqu\u00e9.<\/p>\n<p>Dans la foul\u00e9e, la fondation a fait savoir qu\u2019elle a publi\u00e9 les nouvelles conditions d\u2019accueil au sein des ces espaces, entre autres, la mise en place d\u2019un syst\u00e8me de jauges pour limiter le nombre de personnes en salle, tout en respectant les dispositions sanitaires requises par le gouvernement, la d\u00e9sinfection obligatoire des mains au gel hydroalcoolique, le port obligatoire du masque de protection pendant toute la\u2002dur\u00e9e de la visite pour tous les publics \u00e0 partir de onze ans.<\/p>\n<p>Au rang de ces mesures figurent \u00e9galement le respect scrupuleux de la distance physique avec les autres visiteurs et les personnels du mus\u00e9e et la mise en place d\u2019une signal\u00e9tique renforc\u00e9e afin de sensibiliser le public au respect des consignes sanitaires.<\/p>\n<p>Ces nouvelles conditions d\u2019accueil du public visent \u00e0 offrir l\u2019exp\u00e9rience la plus enrichissante et la plus agr\u00e9able, malgr\u00e9 cette conjoncture exceptionnelle.<\/p>\n<p>Concernant les nouveaut\u00e9s du mus\u00e9e, la fondation a indiqu\u00e9 que le public est invit\u00e9 \u00e0 d\u00e9couvrir une nouvelle pr\u00e9sentation des collections permanentes dans la salle d\u00e9di\u00e9e \u00e0 Yves Saint Laurent. Une cinquantaine de mod\u00e8les, tous s\u00e9lectionn\u00e9s par Pierre Berg\u00e9 lui-m\u00eame, a \u00e9t\u00e9, \u00e0 l\u2019occasion de cette 4\u00e8me rotation, agenc\u00e9e par Stephan Janson.<\/p>\n<p>Cette nouvelle rotation, qui se d\u00e9ploie dans le cadre d\u2019une sc\u00e9nographie sign\u00e9e par Christophe Martin, s\u2019articule autour des th\u00e8mes chers \u00e0 Yves Saint Laurent: le masculin-f\u00e9minin, le noir, l\u2019Afrique et le Maroc, les voyages imaginaires, les jardins, l\u2019art.<\/p>\n<p>Cette pr\u00e9sentation offre aussi un point de vue original sur certaines \u0153uvres iconiques du couturier. Parall\u00e8lement, dans la salle temporaire, une exposition consacr\u00e9e \u00e0 Bert Flint, fondateur du mus\u00e9e Tiskiwin \u00e0 Marrakech, regroupe des \u0153uvres de sa collection personnelle.<\/p>\n<p>Elle manifeste son regard sur la diversit\u00e9 et la richesse des traditions rurales et berb\u00e8res qui se sont \u00e9panouies de l\u2019Atlas \u00e0 l\u2019Anti-Atlas et du Sahara au Sahel.<\/p>\n<p>La Fondation Jardin Majorelle est une institution culturelle, unique au Maroc, situ\u00e9e sur 3 hectares au c\u0153ur de Marrakech. Elle est d\u00e9di\u00e9e \u00e0 la botanique, aux cultures berb\u00e8res, \u00e0 la mode, aux arts d\u00e9coratifs et \u00e0 la cr\u00e9ation contemporaine. Elle comprend le Jardin Majorelle, le mus\u00e9e Pierre Berg\u00e9 des arts berb\u00e8res, et le mus\u00e9e Yves Saint Laurent \u00e0 Marrakech.<\/p>\n<p>La Fondation est une organisation marocaine \u00e0 but non lucratif, qui finance ses projets et soutient des programmes culturels, \u00e9ducatifs et sociaux \u00e0 travers le Royaume.<\/p>\n<\/div>\n<p>Auteur: Meriem IGASS<br \/>\n<a href=\"http:\/\/www.mapmarrakech.ma\/fr\/le-musee-yves-saint-laurent-de-nouveau-ouvert-au-public\/\">Cliquez ici pour lire l&rsquo;article depuis sa source.<\/a><\/p>\n","protected":false},"excerpt":{"rendered":"<p>Marrakech \u2013 La Fondation Jardin Majorelle vient d\u2019annoncer la r\u00e9ouverture, mercredi, du mus\u00e9e Yves Saint Laurent apr\u00e8s le succ\u00e8s de la r\u00e9ouverture du Jardin Majorelle et du mus\u00e9e Pierre Berg\u00e9 des arts berb\u00e8res. \u00ab\u00a0Depuis plusieurs semaines, les \u00e9quipes ont pr\u00e9par\u00e9 la reprise des activit\u00e9s, en veillant \u00e0 la s\u00e9curit\u00e9 du public \u00ab\u00a0, indique cette institution [&hellip;]<\/p>\n","protected":false},"author":1788,"featured_media":0,"comment_status":"closed","ping_status":"closed","sticky":false,"template":"","format":"standard","meta":{"fifu_image_url":"","fifu_image_alt":"","footnotes":""},"categories":[54,76],"tags":[],"class_list":["post-102266","post","type-post","status-publish","format-standard","hentry","category-maroc","category-regions"],"_links":{"self":[{"href":"https:\/\/linitiative.ca\/International\/wp-json\/wp\/v2\/posts\/102266","targetHints":{"allow":["GET"]}}],"collection":[{"href":"https:\/\/linitiative.ca\/International\/wp-json\/wp\/v2\/posts"}],"about":[{"href":"https:\/\/linitiative.ca\/International\/wp-json\/wp\/v2\/types\/post"}],"author":[{"embeddable":true,"href":"https:\/\/linitiative.ca\/International\/wp-json\/wp\/v2\/users\/1788"}],"replies":[{"embeddable":true,"href":"https:\/\/linitiative.ca\/International\/wp-json\/wp\/v2\/comments?post=102266"}],"version-history":[{"count":0,"href":"https:\/\/linitiative.ca\/International\/wp-json\/wp\/v2\/posts\/102266\/revisions"}],"wp:attachment":[{"href":"https:\/\/linitiative.ca\/International\/wp-json\/wp\/v2\/media?parent=102266"}],"wp:term":[{"taxonomy":"category","embeddable":true,"href":"https:\/\/linitiative.ca\/International\/wp-json\/wp\/v2\/categories?post=102266"},{"taxonomy":"post_tag","embeddable":true,"href":"https:\/\/linitiative.ca\/International\/wp-json\/wp\/v2\/tags?post=102266"}],"curies":[{"name":"wp","href":"https:\/\/api.w.org\/{rel}","templated":true}]}}