{"id":102268,"date":"2020-10-20T03:43:29","date_gmt":"2020-10-20T07:43:29","guid":{"rendered":"https:\/\/linitiative.ca\/International\/plf-2021-cinquante-milliards-de-dinars-pour-les-zones-dombre\/"},"modified":"2020-10-20T03:43:29","modified_gmt":"2020-10-20T07:43:29","slug":"plf-2021-cinquante-milliards-de-dinars-pour-les-zones-dombre","status":"publish","type":"post","link":"https:\/\/linitiative.ca\/International\/plf-2021-cinquante-milliards-de-dinars-pour-les-zones-dombre\/","title":{"rendered":"PLF 2021: cinquante milliards de dinars pour les zones d&rsquo;ombre"},"content":{"rendered":"<div readability=\"31.252747252747\">\n<p><strong>ALGER &#8211; Une enveloppe financi\u00e8re de plus de 50 milliards de dinars sera affect\u00e9e au financement de projets r\u00e9alis\u00e9s dans les zones d&rsquo;ombre dans le cadre du <a href=\"http:\/\/www.aps.dz\/economie\/111351-apn-le-plf-2021-presente-devant-la-commission-des-finances-et-du-budget\" target=\"_blank\" rel=\"noopener noreferrer\">P<em>rojet de loi de finances \u00ab\u00a0PLF-2021\u00a0\u00bb<\/em><\/a>, a indiqu\u00e9 lundi la ministre des Relations avec le Parlement, Basma Azouar.<\/strong><\/p>\n<\/div>\n<div readability=\"101.30330477356\">\n<p>La ministre qui r\u00e9pondait aux pr\u00e9occupations des membres de la Commission des Finances et du Budget \u00e0 l&rsquo;Assembl\u00e9e populaire nationale (APN), a indiqu\u00e9, lors d&rsquo;une s\u00e9ance consacr\u00e9e au d\u00e9bat du PLF 2021, que 50 milliards de dinars seront affect\u00e9s au financement de projets r\u00e9alis\u00e9s dans les zones d&rsquo;ombre, inscrits au niveau des programmes communaux de d\u00e9veloppement.<\/p>\n<blockquote readability=\"12\">\n<p><em><strong>A ce montant, s&rsquo;ajoutent les affectations enregistr\u00e9es dans les budgets sectoriels pouvant \u00eatre transf\u00e9r\u00e9es vers ces zones \u00e0 travers la restructuration des op\u00e9rations d&rsquo;\u00e9quipement, a soulign\u00e9 Mme. Azouar, qui remplace le ministre des Finances, Aymen Benabderrahmane, \u00e0 cette s\u00e9ance.<\/strong><\/em><\/p>\n<\/blockquote>\n<p>Les chiffres avanc\u00e9es font \u00e9tat de 8.500 projets en cours de r\u00e9alisation pour lesquels un montant de 145 milliards dinars a \u00e9t\u00e9 allou\u00e9.<\/p>\n<p>Evoquant, par ailleurs, le dispositif d&rsquo;aide \u00e0 l&rsquo;insertion professionnelle (DAIP), la ministre a fait savoir que 355.000 personnes allaient en b\u00e9n\u00e9ficier sur une p\u00e9riode de trois ans, relevant par la m\u00eame \u00ab\u00a0le probl\u00e8me des proc\u00e9dures et conditions d&rsquo;insertion qualifi\u00e9es de complexes et lentes\u00a0\u00bb.<\/p>\n<hr\/>\n<h3>Lire aussi:\u00a0<a href=\"http:\/\/www.aps.dz\/regions\/111291-la-couverture-des-zones-d-ombre-en-matiere-de-developpement-est-tres-considerable\" target=\"_blank\" rel=\"noopener noreferrer\">La couverture des zones d\u2019ombre en mati\u00e8re de d\u00e9veloppement \u00ab\u00a0est tr\u00e8s consid\u00e9rable\u00a0\u00bb<\/a><\/h3>\n<hr\/>\n<p>A une question sur les modalit\u00e9s de couverture du d\u00e9ficit budg\u00e9taire, Mme. Azouar a affirm\u00e9 qu&rsquo;une telle d\u00e9marche allait se d\u00e9rouler \u00ab\u00a0sur la base des m\u00e9thodes traditionnelles et en recourant \u00e0 la dette int\u00e9rieure\u00a0\u00bb.<\/p>\n<p>Revenant sur les raisons \u00e0 l&rsquo;origine de ce d\u00e9ficit, elle a expliqu\u00e9 que les d\u00e9penses d&rsquo;\u00e9quipement incluaient principalement des affectations des projets en zones d&rsquo;ombre et une r\u00e9\u00e9valuation des projets en vigueur.<\/p>\n<blockquote readability=\"8\">\n<p><em><strong>Quant \u00e0 l&rsquo;impact de r\u00e9duction des importations sur l&rsquo;\u00e9conomie nationale, la repr\u00e9sentante du Gouvernement assure que la r\u00e9duction n&rsquo;affectera pas les produits alimentaires et ceux destin\u00e9s \u00e0 la production dans les secteurs agricole et industriel.<\/strong><\/em><\/p>\n<\/blockquote>\n<p>Les intrants dans ces deux secteurs seront maintenus pour permettre de pr\u00e9server la production nationale, tandis que la r\u00e9duction impactera les produits indispensables localement fabriqu\u00e9s.<\/p>\n<p class=\"c30\"><strong>Le m\u00e9canisme de ciblage des subventions lanc\u00e9 \u00ab\u00a0en temps voulu\u00a0\u00bb<\/strong><\/p>\n<p>S\u2019agissant de la probl\u00e9matique de la destination des subventions, la repr\u00e9sentante du Gouvernement a indiqu\u00e9 que \u00ab\u00a0vu le caract\u00e8re sensible de ces transferts, des conditions doivent \u00eatre r\u00e9unies avant le lancement d\u2019un m\u00e9canisme de ciblage des subventions qui soit efficace, pratique et \u00e9quitable\u00a0\u00bb.<\/p>\n<blockquote readability=\"7\">\n<p><em><strong>L&rsquo;\u00e9tude d&rsquo;un tel m\u00e9canisme au niveau du Gouvernement s\u2019est achev\u00e9e et sa mise en \u0153uvre interviendra \u00ab\u00a0en temps voulu et selon un calendrier progressif et pr\u00e9cis\u00a0\u00bb, a-t-elle ajout\u00e9.<\/strong><\/em><\/p>\n<\/blockquote>\n<p>La valeur des transferts sociaux directs dans le projet de loi de finances pour l\u2019exercice 2021 est de 1927,5 milliards de dinars (+4,3% par rapport \u00e0 la loi de finances compl\u00e9mentaire 2020) et celle des transferts indirects est de pr\u00e8s de 2.000 milliards de dinars.<\/p>\n<hr\/>\n<h3>Lire aussi:\u00a0<a href=\"http:\/\/www.aps.dz\/regions\/111097-financement-projets-dans-les-zones-d-ombre-l-ingeniosite-des-responsables-locaux-sollicitee\" target=\"_blank\" rel=\"noopener noreferrer\">Zones d&rsquo;ombre-Financement des projets: l\u2019ing\u00e9niosit\u00e9 des responsables locaux sollicit\u00e9e<\/a><\/h3>\n<hr\/>\n<p>A une question sur le sort des fonds des comptes d\u2019affectation sp\u00e9ciale, Mme Azouar a pr\u00e9cis\u00e9 qu\u2019une partie sera vers\u00e9e au budget sectoriel et une autre au Tr\u00e9sor.<\/p>\n<blockquote readability=\"11\">\n<p><em><strong>Concernant l&rsquo;augmentation du taux d&rsquo;inflation, elle a indiqu\u00e9 que les biens de consommation pris en compte pour mesurer cet indice sont constitu\u00e9s \u00e0 49% de produits alimentaires, d\u2019o\u00f9 l\u2019impact significatif de ces derniers sur le niveau des prix, affirmant que \u00ab\u00a0le taux d&rsquo;inflation aurait \u00e9t\u00e9 plus \u00e9lev\u00e9 sans le subventionnement des produits de base par l&rsquo;Etat\u00a0\u00bb.<\/strong><\/em><\/p>\n<\/blockquote>\n<p>Quant \u00e0 la modernisation de l&rsquo;administration fiscale, Mme Azouar a fait savoir que l&rsquo;administration avait entam\u00e9 la mise en \u0153uvre d&rsquo;un programme de restructuration de ses services \u00e0 travers la cr\u00e9ation de 300 nouvelles structures (centres des imp\u00f4ts et centres de proximit\u00e9) dot\u00e9s de tous les m\u00e9canismes de modernisation, dont 100 centres d\u2019ores et d\u00e9j\u00e0 op\u00e9rationnels, et d\u2019un syst\u00e8me informatique moderne qui rapproche le contribuable de l&rsquo;administration fiscale.<\/p>\n<\/div>\n<p>Auteur:<br \/>\n<a href=\"http:\/\/www.aps.dz\/regions\/111406-plf-2021-cinquante-milliards-de-dinars-pour-les-zones-d-ombre\">Cliquez ici pour lire l&rsquo;article depuis sa source.<\/a><\/p>\n","protected":false},"excerpt":{"rendered":"<p>ALGER &#8211; Une enveloppe financi\u00e8re de plus de 50 milliards de dinars sera affect\u00e9e au financement de projets r\u00e9alis\u00e9s dans les zones d&rsquo;ombre dans le cadre du Projet de loi de finances \u00ab\u00a0PLF-2021\u00a0\u00bb, a indiqu\u00e9 lundi la ministre des Relations avec le Parlement, Basma Azouar. La ministre qui r\u00e9pondait aux pr\u00e9occupations des membres de la [&hellip;]<\/p>\n","protected":false},"author":1790,"featured_media":0,"comment_status":"closed","ping_status":"closed","sticky":false,"template":"","format":"standard","meta":{"fifu_image_url":"","fifu_image_alt":"","footnotes":""},"categories":[53,76],"tags":[],"class_list":["post-102268","post","type-post","status-publish","format-standard","hentry","category-algerie","category-regions"],"_links":{"self":[{"href":"https:\/\/linitiative.ca\/International\/wp-json\/wp\/v2\/posts\/102268","targetHints":{"allow":["GET"]}}],"collection":[{"href":"https:\/\/linitiative.ca\/International\/wp-json\/wp\/v2\/posts"}],"about":[{"href":"https:\/\/linitiative.ca\/International\/wp-json\/wp\/v2\/types\/post"}],"author":[{"embeddable":true,"href":"https:\/\/linitiative.ca\/International\/wp-json\/wp\/v2\/users\/1790"}],"replies":[{"embeddable":true,"href":"https:\/\/linitiative.ca\/International\/wp-json\/wp\/v2\/comments?post=102268"}],"version-history":[{"count":0,"href":"https:\/\/linitiative.ca\/International\/wp-json\/wp\/v2\/posts\/102268\/revisions"}],"wp:attachment":[{"href":"https:\/\/linitiative.ca\/International\/wp-json\/wp\/v2\/media?parent=102268"}],"wp:term":[{"taxonomy":"category","embeddable":true,"href":"https:\/\/linitiative.ca\/International\/wp-json\/wp\/v2\/categories?post=102268"},{"taxonomy":"post_tag","embeddable":true,"href":"https:\/\/linitiative.ca\/International\/wp-json\/wp\/v2\/tags?post=102268"}],"curies":[{"name":"wp","href":"https:\/\/api.w.org\/{rel}","templated":true}]}}