{"id":102270,"date":"2020-10-20T08:01:44","date_gmt":"2020-10-20T12:01:44","guid":{"rendered":"https:\/\/linitiative.ca\/International\/tissemsilt-le-parc-des-cedres-de-theniet-el-had-une-destination-touristique-a-promouvoir\/"},"modified":"2020-10-20T08:01:44","modified_gmt":"2020-10-20T12:01:44","slug":"tissemsilt-le-parc-des-cedres-de-theniet-el-had-une-destination-touristique-a-promouvoir","status":"publish","type":"post","link":"https:\/\/linitiative.ca\/International\/tissemsilt-le-parc-des-cedres-de-theniet-el-had-une-destination-touristique-a-promouvoir\/","title":{"rendered":"Tissemsilt: le parc des c\u00e8dres de Theniet El Had, une destination touristique \u00e0 promouvoir"},"content":{"rendered":"<p>Toutefois, le parc national des c\u00e8dres n\u00e9cessite des actions de valorisation et de promotion, estiment des visiteurs ainsi que des sp\u00e9cialistes du tourisme.Malgr\u00e9 l\u2019absence d\u2019installations de services n\u00e9cessaires dans cet espace touristique, on assiste, n\u00e9anmoins, \u00e0 un rush de visiteurs venus de diff\u00e9rentes r\u00e9gions du pays.<\/p>\n<p>Il s\u2019agit d\u2019amateurs d\u2019aventure et de tourisme environnemental et forestier, ainsi que des amoureux de randonn\u00e9es p\u00e9destres et du camping, a constat\u00e9 l\u2019APS, lors d\u2019une visite de d\u00e9couverte et de promotion organis\u00e9e, le week-end dernier, par le minist\u00e8re du tourisme, de l\u2019artisanat et du travail familial au profit d\u2019agences de tourisme et de repr\u00e9sentants de la presse.<\/p>\n<p>La for\u00eat \u00ab\u00a0El-Meddad\u00a0\u00bb, qui abrite des c\u00e8dres d\u2019Atlantique, est le site pr\u00e9f\u00e9r\u00e9 des familles et des jeunes amateurs d\u2019aventure, de randonn\u00e9es p\u00e9destres et de camping. Ces visiteurs viennent \u00e0 la recherche de repos, de promenade, de relaxation et de possibilit\u00e9 de profiter des merveilleux paysages naturels et de la richesse florale et faunistique de la r\u00e9gion.<\/p>\n<p>La r\u00e9gion de \u00ab\u00a0A\u00efn Harhara\u00a0\u00bb, une zone \u00ab\u00a0magique\u00a0\u00bb du parc national est la plus cit\u00e9e par de nombreux visiteurs rencontr\u00e9s par l\u2019APS.<\/p>\n<p>Ramy, un amateur de camping dans les zones foresti\u00e8res, venu de Constantine, indique avoir pr\u00e9f\u00e9r\u00e9 visiter la for\u00eat d\u2019El-Meddad avec ses amis car, cette for\u00eat est \u00ab\u00a0un espace regorgeant d\u2019endroits naturels incomparables dans de nombreuses r\u00e9gions du pays\u00a0\u00bb, explique-t-il.<\/p>\n<blockquote readability=\"6\">\n<p><em><strong>Le jeune touriste estime que \u00ab\u00a0les diff\u00e9rents acteurs dans le domaine doivent entreprendre des op\u00e9rations de promotion effective permettant \u00e0 ces espaces d\u2019attirer les visiteurs\u00a0\u00bb.<\/strong><\/em><\/p>\n<\/blockquote>\n<p>Son ami Adlane, venu de Chlef, pr\u00e9cise que c\u2019est la seconde fois qu\u2019il visite cette for\u00eat, ce qui lui a permis de d\u00e9couvrir une zone bois\u00e9e magique. Pour lui, ces atouts naturels de valeur ont besoin de valorisation et de promotion pour permettre aux alg\u00e9riens de d\u00e9couvrir la richesse naturelle immense que rec\u00e8le pays.<\/p>\n<p>Adlane r\u00e9v\u00e8le \u00e9galement que \u00ab\u00a0de nombreux sites naturels du pays se distinguent par des sp\u00e9cificit\u00e9s \u00e0 m\u00eame de transformer le tourisme interne en secteur \u00e9conomique important si toutes les capacit\u00e9s naturelles \u00e9taient bien exploit\u00e9es, avec la mise en place d\u2019une strat\u00e9gie de promotion effective\u00a0\u00bb.<\/p>\n<p>A ce propos, le directeur du parc national de Theniet El-Had, Djelloul Louaar, d\u00e9clare que la zone s\u2019\u00e9tend sur une superficie de 3.424 hectares, avec un sommet, Ras Errarit, haut de 1.787 m. Le site abrite plusieurs esp\u00e8ces v\u00e9g\u00e9tales, \u00e0 l\u2019instar du c\u00e8dre d\u2019Atlantique, le pin d\u2019Alep, dew ch\u00eanes verts et de ch\u00eanes de li\u00e8ge, en plus de diverses plantes montagneuses.<\/p>\n<p>Cet espace naturel, class\u00e9 en juillet 1983 parc national, recense quelque 110 esp\u00e8ces d\u2019animaux prot\u00e9g\u00e9s, dont 17 esp\u00e8ces de mammif\u00e8res, 3 esp\u00e8ces de reptiles et 30 autres d\u2019insectes et 29 esp\u00e8ces d\u2019oiseaux.<\/p>\n<p><strong>Un parc naturel \u00e0 valoriser<\/strong><\/p>\n<p>Plusieurs projets d\u2019investissement sont en cours de r\u00e9alisation au niveau de ce parc national, ce qui se traduira par la valorisation de cette for\u00eat, selon le directeur du tourisme et de l\u2019artisanat et du travail familial de la wilaya de Tissemsilt.<\/p>\n<p>Salah Bakel explique que de nombreux projets d\u2019investissement dans cet espace naturel, dont un village de vacances compos\u00e9 de 50 chalets en bois assurant une capacit\u00e9 d\u2019accueil totale de 210 lits. Le projet, qui sera livr\u00e9 dans un d\u00e9lai de 24 mois, a n\u00e9cessit\u00e9 une enveloppe de 150 millions DA dans le cadre d\u2019un investissement priv\u00e9. Il comprend la r\u00e9alisation d\u2019une salle de conf\u00e9rences de 350 places et toutes les commodit\u00e9s d\u2019accueil des touristes et ses visiteurs.<\/p>\n<p>En outre, ce projet touristique, qui sera r\u00e9alis\u00e9 \u00e0 l\u2019aide de mat\u00e9riaux l\u00e9gers amis de la nature, participera \u00e0 faire de cette for\u00eat un p\u00f4le du tourisme environnemental et de montagne d\u2019excellence.<\/p>\n<p>Un camping pour les jeunes d\u2019une capacit\u00e9 de 300 lits est aussi en voie de r\u00e9alisation par les services de la wilaya, la commune de Theniet El-Had et la DJS locale. Il comprendra un th\u00e9\u00e2tre en plein air, un stade de proximit\u00e9, une salle omnisports, une piscine de proximit\u00e9 et une salle des conf\u00e9rences et de spectacles, selon la m\u00eame source.<\/p>\n<p>Au d\u00e9but de l\u2019ann\u00e9e prochaine, il sera proc\u00e9d\u00e9 \u00e0 l\u2019am\u00e9nagement de cinq espaces naturels \u00e0 l\u2019int\u00e9rieur du parc national consacr\u00e9s aux familles et aux visiteurs, selon M. Bakel. Cet espace a b\u00e9n\u00e9fici\u00e9 \u00e9galement d\u2019un projet d\u2019am\u00e9nagement d\u2019un parcours d\u00e9di\u00e9 aux randonneurs et aux amoureux de la moto et des VTT.<\/p>\n<p>Sur un autre plan, la maison du parc national des c\u00e8dres d\u2019Atlantique, la direction de l\u2019environnement et des associations environnementales locales, ont initi\u00e9 un programme de protection de la for\u00eat d\u2019El-Meddaf sur le plan de l\u2019environnement, selon le directeur de la maison du parc national.<\/p>\n<p>Outre les campagnes p\u00e9riodiques de nettoiement du site, la maison du parc national lancera, lors de la saison de reboisement 2020-2021, de larges op\u00e9rations de plantation de c\u00e8dres d\u2019Atlantiques, ainsi que des campagnes de sensibilisation sur la pr\u00e9servation de cette for\u00eat attractive, selon le m\u00eame interlocuteur.<\/p>\n<p>D\u2019autre part, des visites scientifiques de chercheurs sp\u00e9cialis\u00e9s dans l\u2019environnement, ainsi que des professeurs et des \u00e9tudiants des universit\u00e9s, sont programm\u00e9es, durant la prochaine ann\u00e9e universitaire. Ces visites ont pour objectif de concr\u00e9tiser des recherches scientifiques et des \u00e9tudes sur le terrain sur le parc national d\u2019El-Meddad.<\/p>\n<p>Auteur:<br \/>\n<a href=\"http:\/\/www.aps.dz\/regions\/111422-tissemsilt-le-parc-des-cedres-de-theniet-el-had-une-destination-touristique-a-promouvoir\">Cliquez ici pour lire l&rsquo;article depuis sa source.<\/a><\/p>\n","protected":false},"excerpt":{"rendered":"<p>Toutefois, le parc national des c\u00e8dres n\u00e9cessite des actions de valorisation et de promotion, estiment des visiteurs ainsi que des sp\u00e9cialistes du tourisme.Malgr\u00e9 l\u2019absence d\u2019installations de services n\u00e9cessaires dans cet espace touristique, on assiste, n\u00e9anmoins, \u00e0 un rush de visiteurs venus de diff\u00e9rentes r\u00e9gions du pays. Il s\u2019agit d\u2019amateurs d\u2019aventure et de tourisme environnemental et [&hellip;]<\/p>\n","protected":false},"author":1790,"featured_media":0,"comment_status":"closed","ping_status":"closed","sticky":false,"template":"","format":"standard","meta":{"fifu_image_url":"","fifu_image_alt":"","footnotes":""},"categories":[53,76],"tags":[],"class_list":["post-102270","post","type-post","status-publish","format-standard","hentry","category-algerie","category-regions"],"_links":{"self":[{"href":"https:\/\/linitiative.ca\/International\/wp-json\/wp\/v2\/posts\/102270","targetHints":{"allow":["GET"]}}],"collection":[{"href":"https:\/\/linitiative.ca\/International\/wp-json\/wp\/v2\/posts"}],"about":[{"href":"https:\/\/linitiative.ca\/International\/wp-json\/wp\/v2\/types\/post"}],"author":[{"embeddable":true,"href":"https:\/\/linitiative.ca\/International\/wp-json\/wp\/v2\/users\/1790"}],"replies":[{"embeddable":true,"href":"https:\/\/linitiative.ca\/International\/wp-json\/wp\/v2\/comments?post=102270"}],"version-history":[{"count":0,"href":"https:\/\/linitiative.ca\/International\/wp-json\/wp\/v2\/posts\/102270\/revisions"}],"wp:attachment":[{"href":"https:\/\/linitiative.ca\/International\/wp-json\/wp\/v2\/media?parent=102270"}],"wp:term":[{"taxonomy":"category","embeddable":true,"href":"https:\/\/linitiative.ca\/International\/wp-json\/wp\/v2\/categories?post=102270"},{"taxonomy":"post_tag","embeddable":true,"href":"https:\/\/linitiative.ca\/International\/wp-json\/wp\/v2\/tags?post=102270"}],"curies":[{"name":"wp","href":"https:\/\/api.w.org\/{rel}","templated":true}]}}