{"id":102271,"date":"2020-10-20T09:25:16","date_gmt":"2020-10-20T13:25:16","guid":{"rendered":"https:\/\/linitiative.ca\/International\/bechar-projet-de-raccordement-de-la-zone-dombre-de-hassi-el-mir-au-reseau-electrique\/"},"modified":"2020-10-20T09:25:16","modified_gmt":"2020-10-20T13:25:16","slug":"bechar-projet-de-raccordement-de-la-zone-dombre-de-hassi-el-mir-au-reseau-electrique","status":"publish","type":"post","link":"https:\/\/linitiative.ca\/International\/bechar-projet-de-raccordement-de-la-zone-dombre-de-hassi-el-mir-au-reseau-electrique\/","title":{"rendered":"Bechar : projet de raccordement de la zone d\u2019ombre de Hassi El-Mir au r\u00e9seau \u00e9lectrique"},"content":{"rendered":"<p><span class=\"sp-nh-title\">Le soutien dont jouit le Polisario au Conseil de s\u00e9curit\u00e9 irrite le Maroc<\/span> &#8211; <span class=\"sp-nh-date\">mardi 20 octobre 2020 18:58<\/span><\/p>\n<p><span class=\"sp-nh-title\">L\u2019approbation du projet d&rsquo;amendement de la Constitution, un gage d\u2019unit\u00e9 et de stabilit\u00e9 du pays<\/span> &#8211; <span class=\"sp-nh-date\">mardi 20 octobre 2020 18:54<\/span><\/p>\n<p><span class=\"sp-nh-title\">Ghouini\u00a0: le projet de l\u2019amendement constitutionnel va consolider la justice\u00a0<\/span> &#8211; <span class=\"sp-nh-date\">mardi 20 octobre 2020 18:49<\/span><\/p>\n<p><span class=\"sp-nh-title\">Finances : le CPA lance un nouveau produit d\u00e9di\u00e9 aux PME et startups<\/span> &#8211; <span class=\"sp-nh-date\">mardi 20 octobre 2020 18:47<\/span><\/p>\n<p><span class=\"sp-nh-title\">Disposer d&rsquo;une infrastructure de t\u00e9l\u00e9communication moderne pour suivre les \u00e9volutions\u00a0<\/span> &#8211; <span class=\"sp-nh-date\">mardi 20 octobre 2020 18:40<\/span><\/p>\n<p><span class=\"sp-nh-title\">Commerce : volont\u00e9 d&rsquo;accompagner plus les producteurs et les exportateurs<\/span> &#8211; <span class=\"sp-nh-date\">mardi 20 octobre 2020 18:40<\/span><\/p>\n<p><span class=\"sp-nh-title\">Rentr\u00e9e sociale: Rezig met en garde contre l&rsquo;augmentation des prix des articles scolaires<\/span> &#8211; <span class=\"sp-nh-date\">mardi 20 octobre 2020 18:34<\/span><\/p>\n<p><span class=\"sp-nh-title\">N\u00e9cessit\u00e9 d\u2019accompagner et de sensibiliser les couches vuln\u00e9rables pour adh\u00e9rer \u00e0 l&rsquo;\u00e9conomie<\/span> &#8211; <span class=\"sp-nh-date\">mardi 20 octobre 2020 18:29<\/span><\/p>\n<p><span class=\"sp-nh-title\">Le projet d&rsquo;amendement de la Constitution, ouvrira la voie pour une Alg\u00e9rie nouvelle<\/span> &#8211; <span class=\"sp-nh-date\">mardi 20 octobre 2020 18:26<\/span><\/p>\n<p><span class=\"sp-nh-title\">Forger le citoyen de demain en assurant une meilleure prise en charge de l\u2019enfance<\/span> &#8211; <span class=\"sp-nh-date\">mardi 20 octobre 2020 18:25<\/span><\/p>\n<p><span class=\"sp-nh-title\">Le projet d&rsquo;amendement de la Constitution implique la soci\u00e9t\u00e9 civile dans la d\u00e9cision politique<\/span> &#8211; <span class=\"sp-nh-date\">mardi 20 octobre 2020 18:18<\/span><\/p>\n<p><span class=\"sp-nh-title\">Le projet d&rsquo;amendement de la Constitution garantit la souverainet\u00e9 totale du pays sur ses ressources naturelles<\/span> &#8211; <span class=\"sp-nh-date\">mardi 20 octobre 2020 18:03<\/span><\/p>\n<p><span class=\"sp-nh-title\">Commerce ext\u00e9rieur: exportation de 240 000 m2 de plaques de pl\u00e2tres vers le Maroc<\/span> &#8211; <span class=\"sp-nh-date\">mardi 20 octobre 2020 17:58<\/span><\/p>\n<p><span class=\"sp-nh-title\">Le syst\u00e8me waqf amen\u00e9 \u00e0 jouer pleinement son r\u00f4le<\/span> &#8211; <span class=\"sp-nh-date\">mardi 20 octobre 2020 17:50<\/span><\/p>\n<p><span class=\"sp-nh-title\">Zones d\u2019ombre \u00e0 M\u00e9d\u00e9a: entr\u00e9e en exploitation de plusieurs projets de d\u00e9veloppement<\/span> &#8211; <span class=\"sp-nh-date\">mardi 20 octobre 2020 17:50<\/span><\/p>\n<p><span class=\"sp-nh-title\">Coronavirus: 223 nouveaux cas, 131 gu\u00e9risons et 8 d\u00e9c\u00e8s<\/span> &#8211; <span class=\"sp-nh-date\">mardi 20 octobre 2020 17:48<\/span><\/p>\n<p><span class=\"sp-nh-title\">R\u00e9f\u00e9rendum constitutionnel : Les SMA appellent \u00e0 une participation massive<\/span> &#8211; <span class=\"sp-nh-date\">mardi 20 octobre 2020 17:32<\/span><\/p>\n<p><span class=\"sp-nh-title\">Poste et TIC: le rapprochement du service public du citoyen au c\u0153ur des pr\u00e9occupations<\/span> &#8211; <span class=\"sp-nh-date\">mardi 20 octobre 2020 17:28<\/span><\/p>\n<p><span class=\"sp-nh-title\">Tennis \/ Tournoi de Monastir : Ibbou d\u00e9butera contre l&rsquo;Allemande Lena Ruppert<\/span> &#8211; <span class=\"sp-nh-date\">mardi 20 octobre 2020 17:27<\/span><\/p>\n<p><span class=\"sp-nh-title\">L\u2019amendement de la Constitution met fin au pillage, \u00e0 la discrimination et \u00e0 la division<\/span> &#8211; <span class=\"sp-nh-date\">mardi 20 octobre 2020 17:17<\/span><\/p>\n<p>Auteur:<br \/>\n<a href=\"http:\/\/www.aps.dz\/regions\/111426-bechar-projet-de-raccordement-de-la-zone-d-ombre-de-hassi-el-mir-au-reseau-electrique\">Cliquez ici pour lire l&rsquo;article depuis sa source.<\/a><\/p>\n","protected":false},"excerpt":{"rendered":"<p>Le soutien dont jouit le Polisario au Conseil de s\u00e9curit\u00e9 irrite le Maroc &#8211; mardi 20 octobre 2020 18:58 L\u2019approbation du projet d&rsquo;amendement de la Constitution, un gage d\u2019unit\u00e9 et de stabilit\u00e9 du pays &#8211; mardi 20 octobre 2020 18:54 Ghouini\u00a0: le projet de l\u2019amendement constitutionnel va consolider la justice\u00a0 &#8211; mardi 20 octobre 2020 [&hellip;]<\/p>\n","protected":false},"author":1790,"featured_media":0,"comment_status":"closed","ping_status":"closed","sticky":false,"template":"","format":"standard","meta":{"fifu_image_url":"","fifu_image_alt":"","footnotes":""},"categories":[53,76],"tags":[],"class_list":["post-102271","post","type-post","status-publish","format-standard","hentry","category-algerie","category-regions"],"_links":{"self":[{"href":"https:\/\/linitiative.ca\/International\/wp-json\/wp\/v2\/posts\/102271","targetHints":{"allow":["GET"]}}],"collection":[{"href":"https:\/\/linitiative.ca\/International\/wp-json\/wp\/v2\/posts"}],"about":[{"href":"https:\/\/linitiative.ca\/International\/wp-json\/wp\/v2\/types\/post"}],"author":[{"embeddable":true,"href":"https:\/\/linitiative.ca\/International\/wp-json\/wp\/v2\/users\/1790"}],"replies":[{"embeddable":true,"href":"https:\/\/linitiative.ca\/International\/wp-json\/wp\/v2\/comments?post=102271"}],"version-history":[{"count":0,"href":"https:\/\/linitiative.ca\/International\/wp-json\/wp\/v2\/posts\/102271\/revisions"}],"wp:attachment":[{"href":"https:\/\/linitiative.ca\/International\/wp-json\/wp\/v2\/media?parent=102271"}],"wp:term":[{"taxonomy":"category","embeddable":true,"href":"https:\/\/linitiative.ca\/International\/wp-json\/wp\/v2\/categories?post=102271"},{"taxonomy":"post_tag","embeddable":true,"href":"https:\/\/linitiative.ca\/International\/wp-json\/wp\/v2\/tags?post=102271"}],"curies":[{"name":"wp","href":"https:\/\/api.w.org\/{rel}","templated":true}]}}