{"id":102275,"date":"2020-10-20T14:53:41","date_gmt":"2020-10-20T18:53:41","guid":{"rendered":"https:\/\/linitiative.ca\/International\/le-concours-de-recrutement-des-profs-pour-novembre\/"},"modified":"2020-10-20T14:53:41","modified_gmt":"2020-10-20T18:53:41","slug":"le-concours-de-recrutement-des-profs-pour-novembre","status":"publish","type":"post","link":"https:\/\/linitiative.ca\/International\/le-concours-de-recrutement-des-profs-pour-novembre\/","title":{"rendered":"Le concours de recrutement des profs pour novembre"},"content":{"rendered":"<div class=\"author\" readability=\"5.6949152542373\"> Par <a href=\"\/content\/ahlam-nazih\"> Ahlam NAZIH<\/a> <a href=\"\/node\/\"> <\/a> | Edition N\u00b0:5867 Le 19\/10\/2020 | Partager <\/div>\n<div class=\"body\">\n<div class=\"field field-name-body field-type-text-with-summary field-label-hidden\">\n<div class=\"field-items\" readability=\"8.5\">\n<div class=\"field-item even\" property=\"content:encoded\" readability=\"12\">\n<p class=\"rtejustify\">L\u2019Education nationale s\u2019y prend d\u00e9sormais bien \u00e0 l\u2019avance pour embaucher ses enseignants. Pour pr\u00e9parer la rentr\u00e9e 2021-2022, les Acad\u00e9mies r\u00e9gionales de l\u2019\u00e9ducation et de la formation organisent les concours de recrutement en novembre prochain. Les pr\u00e9inscriptions sur le site tawdif.men.gov.ma ont \u00e9t\u00e9 ouvertes vendredi dernier. Elles se poursuivent jusqu\u2019au 30 octobre 2020 \u00e0 minuit. Les candidats doivent \u00eatre titulaires d\u2019une licence en sciences de l\u2019\u00e9ducation ou dipl\u00f4me \u00e9quivalent. Les licenci\u00e9s ayant b\u00e9n\u00e9fici\u00e9 des programmes de formation des 25.000 cadres et des 10.000 cadres \u00e9ducatifs sont \u00e9galement cibl\u00e9s. D\u00e8s l\u2019annonce des dates des concours, les pr\u00e9tendants devront valider leur candidature et d\u00e9poser leur dossier dans l\u2019acad\u00e9mie de leur choix.<br \/><em>A.Na<\/em><\/p>\n<\/div>\n<\/div>\n<\/div>\n<\/div>\n<div class=\"eco-conseil\">\n<div class=\"view view-eco-conseil-16 view-id-eco_conseil_16 view-display-id-cookies view-dom-id-ad65e8b08b6630218f054d605a6314fb\">\n<div class=\"view-content\">\n<div id=\"views-bootstrap-grid-1\" class=\"views-bootstrap-grid-plugin-style\">\n<div class=\"row\">\n<div class=\" col-xs-12 col-lg-4\">\n<div class=\"row\">\n<div class=\"col col-xs-12 col-lg-12\">\n<div class=\"field-content\"><a href=\"\/article\/1068609-test-covid-19-je-te-rembourse-si-tu-es-contamine\"><img loading=\"lazy\" decoding=\"async\" class=\"img-responsive\" typeof=\"foaf:Image\" src=\"https:\/\/www.leconomiste.com\/sites\/default\/files\/eco7\/public\/styles\/800x400\/public\/default_images\/default_une.jpg?itok=4jZlgnIZ\" width=\"660\" height=\"330\" alt=\"\"\/><\/a><\/div>\n<\/div>\n<div class=\" title_suite_2 col col-xs-12 col-lg-12\"> <a href=\"\/article\/1068609-test-covid-19-je-te-rembourse-si-tu-es-contamine\"\/><span class=\"field-content\">Article 1068609<\/span><\/div>\n<\/div>\n<\/div>\n<div class=\" col-xs-12 col-lg-4\">\n<div class=\"row\">\n<div class=\"col col-xs-12 col-lg-12\">\n<div class=\"field-content\"><a href=\"\/article\/1068608-c-est-reparti-pour-les-hotels-barcelo-au-maroc\"><img loading=\"lazy\" decoding=\"async\" class=\"img-responsive\" typeof=\"foaf:Image\" src=\"https:\/\/www.leconomiste.com\/sites\/default\/files\/eco7\/public\/styles\/800x400\/public\/default_images\/default_une.jpg?itok=4jZlgnIZ\" width=\"660\" height=\"330\" alt=\"\"\/><\/a><\/div>\n<\/div>\n<div class=\" title_suite_2 col col-xs-12 col-lg-12\"> <a href=\"\/article\/1068608-c-est-reparti-pour-les-hotels-barcelo-au-maroc\"\/><span class=\"field-content\">C\u2019est reparti pour les h\u00f4tels Barcelo au Maroc<\/span><\/div>\n<\/div>\n<\/div>\n<div class=\" col-xs-12 col-lg-4\">\n<div class=\"row\">\n<div class=\"col col-xs-12 col-lg-12\">\n<div class=\"field-content\"><a href=\"\/article\/1068607-carte-d-identite-la-dgsn-ouvre-ses-portes-le-week-end\"><img loading=\"lazy\" decoding=\"async\" class=\"img-responsive\" typeof=\"foaf:Image\" src=\"https:\/\/www.leconomiste.com\/sites\/default\/files\/eco7\/public\/styles\/800x400\/public\/default_images\/default_une.jpg?itok=4jZlgnIZ\" width=\"660\" height=\"330\" alt=\"\"\/><\/a><\/div>\n<\/div>\n<div class=\" title_suite_2 col col-xs-12 col-lg-12\"> <a href=\"\/article\/1068607-carte-d-identite-la-dgsn-ouvre-ses-portes-le-week-end\"\/><span class=\"field-content\">Carte d\u2019identit\u00e9: La DGSN ouvre ses portes le week-end <\/span><\/div>\n<\/div>\n<\/div>\n<\/div>\n<\/div>\n<\/div>\n<\/div>\n<\/div>\n<p>Auteur: hlafriqi<br \/>\n<a href=\"https:\/\/www.leconomiste.com\/article\/1068605-le-concours-de-recrutement-des-profs-pour-novembre\">Cliquez ici pour lire l&rsquo;article depuis sa source.<\/a><\/p>\n","protected":false},"excerpt":{"rendered":"<p>Par Ahlam NAZIH | Edition N\u00b0:5867 Le 19\/10\/2020 | Partager L\u2019Education nationale s\u2019y prend d\u00e9sormais bien \u00e0 l\u2019avance pour embaucher ses enseignants. Pour pr\u00e9parer la rentr\u00e9e 2021-2022, les Acad\u00e9mies r\u00e9gionales de l\u2019\u00e9ducation et de la formation organisent les concours de recrutement en novembre prochain. Les pr\u00e9inscriptions sur le site tawdif.men.gov.ma ont \u00e9t\u00e9 ouvertes vendredi dernier. [&hellip;]<\/p>\n","protected":false},"author":1763,"featured_media":0,"comment_status":"closed","ping_status":"closed","sticky":false,"template":"","format":"standard","meta":{"fifu_image_url":"","fifu_image_alt":"","footnotes":""},"categories":[78,54],"tags":[],"class_list":["post-102275","post","type-post","status-publish","format-standard","hentry","category-economie","category-maroc"],"_links":{"self":[{"href":"https:\/\/linitiative.ca\/International\/wp-json\/wp\/v2\/posts\/102275","targetHints":{"allow":["GET"]}}],"collection":[{"href":"https:\/\/linitiative.ca\/International\/wp-json\/wp\/v2\/posts"}],"about":[{"href":"https:\/\/linitiative.ca\/International\/wp-json\/wp\/v2\/types\/post"}],"author":[{"embeddable":true,"href":"https:\/\/linitiative.ca\/International\/wp-json\/wp\/v2\/users\/1763"}],"replies":[{"embeddable":true,"href":"https:\/\/linitiative.ca\/International\/wp-json\/wp\/v2\/comments?post=102275"}],"version-history":[{"count":0,"href":"https:\/\/linitiative.ca\/International\/wp-json\/wp\/v2\/posts\/102275\/revisions"}],"wp:attachment":[{"href":"https:\/\/linitiative.ca\/International\/wp-json\/wp\/v2\/media?parent=102275"}],"wp:term":[{"taxonomy":"category","embeddable":true,"href":"https:\/\/linitiative.ca\/International\/wp-json\/wp\/v2\/categories?post=102275"},{"taxonomy":"post_tag","embeddable":true,"href":"https:\/\/linitiative.ca\/International\/wp-json\/wp\/v2\/tags?post=102275"}],"curies":[{"name":"wp","href":"https:\/\/api.w.org\/{rel}","templated":true}]}}