{"id":102278,"date":"2020-10-20T14:53:46","date_gmt":"2020-10-20T18:53:46","guid":{"rendered":"https:\/\/linitiative.ca\/International\/cest-reparti-pour-les-hotels-barcelo-au-maroc\/"},"modified":"2020-10-20T14:53:46","modified_gmt":"2020-10-20T18:53:46","slug":"cest-reparti-pour-les-hotels-barcelo-au-maroc","status":"publish","type":"post","link":"https:\/\/linitiative.ca\/International\/cest-reparti-pour-les-hotels-barcelo-au-maroc\/","title":{"rendered":"C\u2019est reparti pour les h\u00f4tels Barcelo au Maroc"},"content":{"rendered":"<div class=\"body\">\n<div class=\"field field-name-body field-type-text-with-summary field-label-hidden\">\n<div class=\"field-items\" readability=\"9.5\">\n<div class=\"field-item even\" property=\"content:encoded\" readability=\"14\">\n<p class=\"rtejustify\">Les h\u00f4tels du groupe Barcelo reprennent leurs activit\u00e9s apr\u00e8s un long arr\u00eat d\u00fb \u00e0 la pand\u00e9mie du coronavirus. C\u2019est ainsi que le Barcelo Anfa Casablanca, h\u00f4tel 5* du groupe, accueille depuis le 22 septembre une client\u00e8le affaires et loisirs. Les after-works, conf\u00e9rences, s\u00e9minaires ou encore des r\u00e9unions d\u2019entreprises reprennent \u00e9galement petit \u00e0 petit dans le respect des conditions de s\u00e9curit\u00e9 sanitaires conformes aux normes internationales mises en place par la marque Barcel\u00f3 Hotel Group. Il s\u2019agit\u00a0 d\u2019un protocole sanitaire lab\u00e9lis\u00e9 \u00abWe Care About You\u00bb.<br \/><em>M.A.B.<\/em><\/p>\n<\/div>\n<\/div>\n<\/div>\n<\/div>\n<div class=\"eco-conseil\">\n<div class=\"view view-eco-conseil-16 view-id-eco_conseil_16 view-display-id-cookies view-dom-id-637d082848515e625a278e956a9c139c\">\n<div class=\"view-content\">\n<div id=\"views-bootstrap-grid-1\" class=\"views-bootstrap-grid-plugin-style\">\n<div class=\"row\">\n<div class=\" col-xs-12 col-lg-4\">\n<div class=\"row\">\n<div class=\"col col-xs-12 col-lg-12\">\n<div class=\"field-content\"><a href=\"\/article\/1068609-test-covid-19-je-te-rembourse-si-tu-es-contamine\"><img loading=\"lazy\" decoding=\"async\" class=\"img-responsive\" typeof=\"foaf:Image\" src=\"https:\/\/www.leconomiste.com\/sites\/default\/files\/eco7\/public\/styles\/800x400\/public\/default_images\/default_une.jpg?itok=4jZlgnIZ\" width=\"660\" height=\"330\" alt=\"\"\/><\/a><\/div>\n<\/div>\n<div class=\" title_suite_2 col col-xs-12 col-lg-12\"> <a href=\"\/article\/1068609-test-covid-19-je-te-rembourse-si-tu-es-contamine\"\/><span class=\"field-content\">Article 1068609<\/span><\/div>\n<\/div>\n<\/div>\n<div class=\" col-xs-12 col-lg-4\">\n<div class=\"row\">\n<div class=\"col col-xs-12 col-lg-12\">\n<div class=\"field-content\"><a href=\"\/article\/1068607-carte-d-identite-la-dgsn-ouvre-ses-portes-le-week-end\"><img loading=\"lazy\" decoding=\"async\" class=\"img-responsive\" typeof=\"foaf:Image\" src=\"https:\/\/www.leconomiste.com\/sites\/default\/files\/eco7\/public\/styles\/800x400\/public\/default_images\/default_une.jpg?itok=4jZlgnIZ\" width=\"660\" height=\"330\" alt=\"\"\/><\/a><\/div>\n<\/div>\n<div class=\" title_suite_2 col col-xs-12 col-lg-12\"> <a href=\"\/article\/1068607-carte-d-identite-la-dgsn-ouvre-ses-portes-le-week-end\"\/><span class=\"field-content\">Carte d\u2019identit\u00e9: La DGSN ouvre ses portes le week-end <\/span><\/div>\n<\/div>\n<\/div>\n<div class=\" col-xs-12 col-lg-4\">\n<div class=\"row\">\n<div class=\"col col-xs-12 col-lg-12\">\n<div class=\"field-content\"><a href=\"\/article\/1068606-ecoles-acces-selectif-encore-10-595-places-prendre\"><img loading=\"lazy\" decoding=\"async\" class=\"img-responsive\" typeof=\"foaf:Image\" src=\"https:\/\/www.leconomiste.com\/sites\/default\/files\/eco7\/public\/styles\/800x400\/public\/default_images\/default_une.jpg?itok=4jZlgnIZ\" width=\"660\" height=\"330\" alt=\"\"\/><\/a><\/div>\n<\/div>\n<div class=\" title_suite_2 col col-xs-12 col-lg-12\"> <a href=\"\/article\/1068606-ecoles-acces-selectif-encore-10-595-places-prendre\"\/><span class=\"field-content\">Ecoles \u00e0 acc\u00e8s s\u00e9lectif: Encore 10.595 places \u00e0 prendre<\/span><\/div>\n<\/div>\n<\/div>\n<\/div>\n<\/div>\n<\/div>\n<\/div>\n<\/div>\n<p>Auteur: hlafriqi<br \/>\n<a href=\"https:\/\/www.leconomiste.com\/article\/1068608-c-est-reparti-pour-les-hotels-barcelo-au-maroc\">Cliquez ici pour lire l&rsquo;article depuis sa source.<\/a><\/p>\n","protected":false},"excerpt":{"rendered":"<p>Les h\u00f4tels du groupe Barcelo reprennent leurs activit\u00e9s apr\u00e8s un long arr\u00eat d\u00fb \u00e0 la pand\u00e9mie du coronavirus. C\u2019est ainsi que le Barcelo Anfa Casablanca, h\u00f4tel 5* du groupe, accueille depuis le 22 septembre une client\u00e8le affaires et loisirs. Les after-works, conf\u00e9rences, s\u00e9minaires ou encore des r\u00e9unions d\u2019entreprises reprennent \u00e9galement petit \u00e0 petit dans le [&hellip;]<\/p>\n","protected":false},"author":1763,"featured_media":0,"comment_status":"closed","ping_status":"closed","sticky":false,"template":"","format":"standard","meta":{"fifu_image_url":"","fifu_image_alt":"","footnotes":""},"categories":[78,54],"tags":[],"class_list":["post-102278","post","type-post","status-publish","format-standard","hentry","category-economie","category-maroc"],"_links":{"self":[{"href":"https:\/\/linitiative.ca\/International\/wp-json\/wp\/v2\/posts\/102278","targetHints":{"allow":["GET"]}}],"collection":[{"href":"https:\/\/linitiative.ca\/International\/wp-json\/wp\/v2\/posts"}],"about":[{"href":"https:\/\/linitiative.ca\/International\/wp-json\/wp\/v2\/types\/post"}],"author":[{"embeddable":true,"href":"https:\/\/linitiative.ca\/International\/wp-json\/wp\/v2\/users\/1763"}],"replies":[{"embeddable":true,"href":"https:\/\/linitiative.ca\/International\/wp-json\/wp\/v2\/comments?post=102278"}],"version-history":[{"count":0,"href":"https:\/\/linitiative.ca\/International\/wp-json\/wp\/v2\/posts\/102278\/revisions"}],"wp:attachment":[{"href":"https:\/\/linitiative.ca\/International\/wp-json\/wp\/v2\/media?parent=102278"}],"wp:term":[{"taxonomy":"category","embeddable":true,"href":"https:\/\/linitiative.ca\/International\/wp-json\/wp\/v2\/categories?post=102278"},{"taxonomy":"post_tag","embeddable":true,"href":"https:\/\/linitiative.ca\/International\/wp-json\/wp\/v2\/tags?post=102278"}],"curies":[{"name":"wp","href":"https:\/\/api.w.org\/{rel}","templated":true}]}}