{"id":102284,"date":"2020-10-20T12:30:00","date_gmt":"2020-10-20T16:30:00","guid":{"rendered":"https:\/\/linitiative.ca\/International\/nouveau-tour-de-vis-en-europe-40-millions-de-cas-dans-le-monde\/"},"modified":"2020-10-20T12:30:00","modified_gmt":"2020-10-20T16:30:00","slug":"nouveau-tour-de-vis-en-europe-40-millions-de-cas-dans-le-monde","status":"publish","type":"post","link":"https:\/\/linitiative.ca\/International\/nouveau-tour-de-vis-en-europe-40-millions-de-cas-dans-le-monde\/","title":{"rendered":"Nouveau tour de vis en Europe, 40 millions de cas dans le monde"},"content":{"rendered":"<p class=\"p1 c3\"><span class=\"c2\">Couvre-feu en Belgique,\u00a0masque obligatoire dans les lieux ferm\u00e9s en Suisse, nouveau tour de vis en Italie : les restrictions se durcissaient hier en Europe pour tenter de freiner une puissante deuxi\u00e8me vague de la pand\u00e9mie de Covid-19 qui a d\u00e9j\u00e0 fait 250.000 morts sur le Vieux Continent et contamin\u00e9 40 millions de personnes dans le monde.<\/span><\/p>\n<p class=\"p1 c3\"><span class=\"c2\">Pour amortir l\u2019impact \u00e9conomique colossal de cette crise, l\u2019Europe compte sur son plan de relance de 750 milliards d\u2019euros, dont le succ\u00e8s est jug\u00e9 \u00abcrucial\u00bb par la pr\u00e9sidente de la Banque centrale europ\u00e9enne Christine Lagarde.<\/span><\/p>\n<p class=\"p1 c3\"><span class=\"c2\">De son c\u00f4t\u00e9, la Chine, o\u00f9 le virus \u00e9tait apparu en d\u00e9cembre, annonce que sa croissance a repris de la vigueur avec + 4,9% au troisi\u00e8me trimestre.<\/span><\/p>\n<p class=\"p1 c3\"><span class=\"c2\">Plus de 40 millions de cas ont \u00e9t\u00e9 officiellement recens\u00e9s dans le monde, selon un comptage r\u00e9alis\u00e9 \u00e0 partir de sources officielles hier.<\/span><\/p>\n<p class=\"p1 c3\"><span class=\"c2\">Ce sont plus de 2,5 millions de cas qui ont \u00e9t\u00e9 d\u00e9clar\u00e9s ces sept derniers jours, le bilan le plus \u00e9lev\u00e9 sur une semaine depuis le d\u00e9but de la pand\u00e9mie. Avec plus de 8.000 morts recens\u00e9s en sept jours, l\u2019Europe conna\u00eet aussi son plus lourd bilan sur une semaine depuis la mi-mai.<\/span><\/p>\n<p class=\"p1 c3\"><span class=\"c2\">En Belgique, caf\u00e9s et restaurants sont d\u00e9sormais ferm\u00e9s pour quatre semaines et un couvre-feu entr\u00e9\u00a0hier en vigueur de minuit \u00e0 05H00 pour endiguer la \u00abmont\u00e9e en fl\u00e8che\u00bb de l\u2019\u00e9pid\u00e9mie.<\/span><\/p>\n<p class=\"p1 c3\"><span class=\"c2\">Jusqu\u2019\u00e0 pr\u00e9sent, la fermeture des caf\u00e9s ne concernait que la r\u00e9gion de Bruxelles, et seulement jusqu\u2019\u00e0 d\u00e9but novembre. En outre, les restaurants n\u2019\u00e9taient pas concern\u00e9s. Vendredi, le pays de 11,5 millions d\u2019habitants recensait pr\u00e8s de 192.000 cas et 10.327 d\u00e9c\u00e8s, ce qui en fait l\u2019un des plus endeuill\u00e9s d\u2019Europe en proportion de sa population.<\/span><\/p>\n<p class=\"p1 c3\"><span class=\"c2\">En Italie, le Premier ministre Giuseppe Conte a annonc\u00e9 dimanche de nouvelles restrictions qui entrent en vigueur hier pour les bars et restaurants, l\u2019interdiction des f\u00eates et foires locales, tr\u00e8s nombreuses dans le pays, et des sports collectifs amateurs (foot, basket, etc..), ainsi que l\u2019extension du t\u00e9l\u00e9travail.<\/span><\/p>\n<p class=\"p1 c3\"><span class=\"c2\">Les restaurants doivent d\u00e9sormais afficher leur capacit\u00e9 d\u2019accueil maximale, fermer leurs portes au plus tard \u00e0 minuit et accueillir au maximum six personnes par tabl\u00e9e. Les bars fermeront \u00e0 18H00 s\u2019ils ne sont pas en mesure de servir leurs clients \u00e0 table.<\/span><\/p>\n<p class=\"p1 c3\"><span class=\"c2\">Les fonctionnaires seront \u00e0 75% en t\u00e9l\u00e9travail et le gouvernement conseille fortement aux entreprises priv\u00e9es de faire de m\u00eame.<\/span><\/p>\n<p class=\"p1 c3\"><span class=\"c2\">\u00abNous ne pouvons pas perdre de temps. Nous devons mettre en \u0153uvre des mesures pour \u00e9viter un nouveau confinement g\u00e9n\u00e9ralis\u00e9 qui pourrait mettre gravement en p\u00e9ril l\u2019\u00e9conomie\u00bb, a expliqu\u00e9 M. Conte.<\/span><\/p>\n<p class=\"p1 c3\"><span class=\"c2\">L\u2019Italie, qui jusque fin septembre avait fait figure d\u2019exception vertueuse, affronte d\u00e9sormais une hausse inqui\u00e9tante des contagions: elle a pour la premi\u00e8re fois d\u00e9pass\u00e9 les 10.000 nouveaux cas quotidiens vendredi.<\/span><\/p>\n<p class=\"p1 c3\"><span class=\"c2\">En Suisse, relativement \u00e9pargn\u00e9e par la premi\u00e8re vague du printemps mais elle aussi confront\u00e9e \u00e0 une hausse exponentielle des cas, le masque devient obligatoire dans les lieux publics ferm\u00e9s, gares, a\u00e9roports, arr\u00eats de bus et de tram. Les rassemblements sont limit\u00e9s et le t\u00e9l\u00e9travail recommand\u00e9.<\/span><\/p>\n<p class=\"p1 c3\"><span class=\"c2\">Avec 1.822 morts pour 8,6 millions d\u2019habitants, la Suisse est le pays d\u2019Europe o\u00f9 la maladie a progress\u00e9 le plus vite la semaine pass\u00e9e (+146%).<\/span><\/p>\n<p class=\"p1 c3\"><span class=\"c2\">En R\u00e9publique tch\u00e8que, qui a le plus fort taux de contaminations et de d\u00e9c\u00e8s pour 100.000 habitants en Europe, le gouvernement a demand\u00e9 \u00e0 l\u2019arm\u00e9e de construire un h\u00f4pital de campagne de 500 lits \u00e0 l\u2019ext\u00e9rieur de Prague.<\/span><\/p>\n<p class=\"p1 c3\"><span class=\"c2\">A Varsovie, le grand stade national va se transformer partiellement en h\u00f4pital provisoire pour des malades du Covid-19. Construit pour l\u2019Euro-2012 de football, ce stade de pr\u00e8s de 60.000 places utilisera ses nombreuses salles de conf\u00e9rence et polyvalentes situ\u00e9es sous ses gradins.<\/span><\/p>\n<p class=\"p1 c3\"><span class=\"c2\">Ailleurs dans le monde, l\u2019heure est \u00e0 l\u2019all\u00e8gement des restrictions dans plusieurs pays.<\/span><\/p>\n<p class=\"p1 c3\"><span class=\"c2\">L\u2019Arabie saoudite a ouvert dimanche aux fid\u00e8les le site le plus sacr\u00e9 de l\u2019Islam pour la premi\u00e8re fois en sept mois, et a augment\u00e9 \u00e0 15.000 par jour le nombre de p\u00e8lerins autoris\u00e9s pour la \u00abomra\u00bb dans la ville sainte de La Mecque.<\/span><\/p>\n<p class=\"p1 c3\"><span class=\"c2\">En Isra\u00ebl,\u00a0cr\u00e8ches, \u00e9coles maternelles, parcs nationaux, plages et entreprises n\u2019accueillant pas de public ont rouvert. Les 9 millions d\u2019Isra\u00e9liens peuvent d\u00e9sormais se d\u00e9placer \u00e0 plus d\u2019un kilom\u00e8tre de leur domicile.<\/span><\/p>\n<p class=\"p1 c3\"><span class=\"c2\">Au printemps, Isra\u00ebl avait rapidement lev\u00e9 un premier confinement, voulant relancer son \u00e9conomie, avant d\u2019enregistrer en septembre l\u2019un des plus forts taux de contamination au monde. Au total, les autorit\u00e9s y ont recens\u00e9 plus de 302.800 malades et pr\u00e8s de 2.200 d\u00e9c\u00e8s.<\/span><\/p>\n<p class=\"p1 c3\"><span class=\"c2\">Les Etats-Unis restent le pays le plus endeuill\u00e9 (219.674 morts, soit pr\u00e8s d\u2019un d\u00e9c\u00e8s sur cinq dans le monde). Suivent l\u2019Inde et le Br\u00e9sil avec respectivement 114.610 morts et 153.905 d\u00e9c\u00e8s.<\/span><\/p>\n<p>Auteur: letemps1<br \/>\n<a href=\"http:\/\/www.letemps.com.tn\/article\/117687\/nouveau-tour-de-vis-en-europe-40-millions-de-cas-dans-le-monde\">Cliquez ici pour lire l&rsquo;article depuis sa source.<\/a><\/p>\n","protected":false},"excerpt":{"rendered":"<p>Couvre-feu en Belgique,\u00a0masque obligatoire dans les lieux ferm\u00e9s en Suisse, nouveau tour de vis en Italie : les restrictions se durcissaient hier en Europe pour tenter de freiner une puissante deuxi\u00e8me vague de la pand\u00e9mie de Covid-19 qui a d\u00e9j\u00e0 fait 250.000 morts sur le Vieux Continent et contamin\u00e9 40 millions de personnes dans le [&hellip;]<\/p>\n","protected":false},"author":1773,"featured_media":0,"comment_status":"closed","ping_status":"closed","sticky":false,"template":"","format":"standard","meta":{"fifu_image_url":"","fifu_image_alt":"","footnotes":""},"categories":[73,55],"tags":[],"class_list":["post-102284","post","type-post","status-publish","format-standard","hentry","category-actualite","category-tunisie"],"_links":{"self":[{"href":"https:\/\/linitiative.ca\/International\/wp-json\/wp\/v2\/posts\/102284","targetHints":{"allow":["GET"]}}],"collection":[{"href":"https:\/\/linitiative.ca\/International\/wp-json\/wp\/v2\/posts"}],"about":[{"href":"https:\/\/linitiative.ca\/International\/wp-json\/wp\/v2\/types\/post"}],"author":[{"embeddable":true,"href":"https:\/\/linitiative.ca\/International\/wp-json\/wp\/v2\/users\/1773"}],"replies":[{"embeddable":true,"href":"https:\/\/linitiative.ca\/International\/wp-json\/wp\/v2\/comments?post=102284"}],"version-history":[{"count":0,"href":"https:\/\/linitiative.ca\/International\/wp-json\/wp\/v2\/posts\/102284\/revisions"}],"wp:attachment":[{"href":"https:\/\/linitiative.ca\/International\/wp-json\/wp\/v2\/media?parent=102284"}],"wp:term":[{"taxonomy":"category","embeddable":true,"href":"https:\/\/linitiative.ca\/International\/wp-json\/wp\/v2\/categories?post=102284"},{"taxonomy":"post_tag","embeddable":true,"href":"https:\/\/linitiative.ca\/International\/wp-json\/wp\/v2\/tags?post=102284"}],"curies":[{"name":"wp","href":"https:\/\/api.w.org\/{rel}","templated":true}]}}