{"id":102297,"date":"2020-10-19T20:00:00","date_gmt":"2020-10-20T00:00:00","guid":{"rendered":"https:\/\/linitiative.ca\/International\/chenine-sentretient-avec-le-president-du-senat-pakistanais-examen-des-relations-bilaterales\/"},"modified":"2020-10-19T20:00:00","modified_gmt":"2020-10-20T00:00:00","slug":"chenine-sentretient-avec-le-president-du-senat-pakistanais-examen-des-relations-bilaterales","status":"publish","type":"post","link":"https:\/\/linitiative.ca\/International\/chenine-sentretient-avec-le-president-du-senat-pakistanais-examen-des-relations-bilaterales\/","title":{"rendered":"Chenine s\u2019entretient avec le pr\u00e9sident du s\u00e9nat pakistanais :  Examen des relations bilat\u00e9rales"},"content":{"rendered":"<div>Le pr\u00e9sident de l&rsquo;Assembl\u00e9e populaire nationale, Slimane Chenine, a re\u00e7u hier, un appel t\u00e9l\u00e9phonique de la part du pr\u00e9sident du S\u00e9nat pakistanais, Muhammad Sadiq Sanjrani, avec lequel il a \u00e9voqu\u00e9 la situation sanitaire qui pr\u00e9vaut dans les deux pays suite \u00e0 la propagation de la pand\u00e9mie de Covid-19 ainsi que les relations bilat\u00e9rales, a indiqu\u00e9 un communiqu\u00e9 de la chambre basse du Parlement.<img loading=\"lazy\" decoding=\"async\" src=\"http:\/\/feeds.feedburner.com\/~r\/ElmoudjahidArticles\/~4\/iijyLiaiKLQ\" height=\"1\" width=\"1\" alt=\"\">\n<\/div>\n<p>Auteur: elmoudjahid<br \/>\n<a href=\"http:\/\/www.elmoudjahid.com\/fr\/actualites\/160749\">Cliquez ici pour lire l&rsquo;article depuis sa source.<\/a><\/p>\n","protected":false},"excerpt":{"rendered":"<p>Le pr\u00e9sident de l&rsquo;Assembl\u00e9e populaire nationale, Slimane Chenine, a re\u00e7u hier, un appel t\u00e9l\u00e9phonique de la part du pr\u00e9sident du S\u00e9nat pakistanais, Muhammad Sadiq Sanjrani, avec lequel il a \u00e9voqu\u00e9 la situation sanitaire qui pr\u00e9vaut dans les deux pays suite \u00e0 la propagation de la pand\u00e9mie de Covid-19 ainsi que les relations bilat\u00e9rales, a indiqu\u00e9 [&hellip;]<\/p>\n","protected":false},"author":1744,"featured_media":0,"comment_status":"closed","ping_status":"closed","sticky":false,"template":"","format":"standard","meta":{"fifu_image_url":"","fifu_image_alt":"","footnotes":""},"categories":[73,53],"tags":[],"class_list":["post-102297","post","type-post","status-publish","format-standard","hentry","category-actualite","category-algerie"],"_links":{"self":[{"href":"https:\/\/linitiative.ca\/International\/wp-json\/wp\/v2\/posts\/102297","targetHints":{"allow":["GET"]}}],"collection":[{"href":"https:\/\/linitiative.ca\/International\/wp-json\/wp\/v2\/posts"}],"about":[{"href":"https:\/\/linitiative.ca\/International\/wp-json\/wp\/v2\/types\/post"}],"author":[{"embeddable":true,"href":"https:\/\/linitiative.ca\/International\/wp-json\/wp\/v2\/users\/1744"}],"replies":[{"embeddable":true,"href":"https:\/\/linitiative.ca\/International\/wp-json\/wp\/v2\/comments?post=102297"}],"version-history":[{"count":0,"href":"https:\/\/linitiative.ca\/International\/wp-json\/wp\/v2\/posts\/102297\/revisions"}],"wp:attachment":[{"href":"https:\/\/linitiative.ca\/International\/wp-json\/wp\/v2\/media?parent=102297"}],"wp:term":[{"taxonomy":"category","embeddable":true,"href":"https:\/\/linitiative.ca\/International\/wp-json\/wp\/v2\/categories?post=102297"},{"taxonomy":"post_tag","embeddable":true,"href":"https:\/\/linitiative.ca\/International\/wp-json\/wp\/v2\/tags?post=102297"}],"curies":[{"name":"wp","href":"https:\/\/api.w.org\/{rel}","templated":true}]}}