{"id":102298,"date":"2020-10-19T20:00:00","date_gmt":"2020-10-20T00:00:00","guid":{"rendered":"https:\/\/linitiative.ca\/International\/anie-lautorisation-des-rassemblements-tributaire-de-lapplication-du-protocole-sanitaire\/"},"modified":"2020-10-19T20:00:00","modified_gmt":"2020-10-20T00:00:00","slug":"anie-lautorisation-des-rassemblements-tributaire-de-lapplication-du-protocole-sanitaire","status":"publish","type":"post","link":"https:\/\/linitiative.ca\/International\/anie-lautorisation-des-rassemblements-tributaire-de-lapplication-du-protocole-sanitaire\/","title":{"rendered":"ANIE : L\u2019autorisation des rassemblements tributaire de l\u2019application du protocole sanitaire"},"content":{"rendered":"<div>L&rsquo;Autorit\u00e9 nationale ind\u00e9pendante des \u00e9lections (ANIE) a rappel\u00e9, dimanche dernier dans un communiqu\u00e9, que l&rsquo;octroi des salles et autres espaces pour abriter les rassemblements et meetings dans le cadre de la campagne r\u00e9f\u00e9rendaire sur le projet d&rsquo;amendement de la Constitution du 1er novembre prochain, \u00e9tait soumis \u00e0 une autorisation pr\u00e9alable d\u00e9livr\u00e9e par l&rsquo;autorit\u00e9 administrative et tributaire de l&rsquo;application stricte du protocole sanitaire.<img loading=\"lazy\" decoding=\"async\" src=\"http:\/\/feeds.feedburner.com\/~r\/ElmoudjahidArticles\/~4\/LCYD_CaoS_A\" height=\"1\" width=\"1\" alt=\"\">\n<\/div>\n<p>Auteur: elmoudjahid<br \/>\n<a href=\"http:\/\/www.elmoudjahid.com\/fr\/actualites\/160750\">Cliquez ici pour lire l&rsquo;article depuis sa source.<\/a><\/p>\n","protected":false},"excerpt":{"rendered":"<p>L&rsquo;Autorit\u00e9 nationale ind\u00e9pendante des \u00e9lections (ANIE) a rappel\u00e9, dimanche dernier dans un communiqu\u00e9, que l&rsquo;octroi des salles et autres espaces pour abriter les rassemblements et meetings dans le cadre de la campagne r\u00e9f\u00e9rendaire sur le projet d&rsquo;amendement de la Constitution du 1er novembre prochain, \u00e9tait soumis \u00e0 une autorisation pr\u00e9alable d\u00e9livr\u00e9e par l&rsquo;autorit\u00e9 administrative et [&hellip;]<\/p>\n","protected":false},"author":1744,"featured_media":0,"comment_status":"closed","ping_status":"closed","sticky":false,"template":"","format":"standard","meta":{"fifu_image_url":"","fifu_image_alt":"","footnotes":""},"categories":[73,53],"tags":[],"class_list":["post-102298","post","type-post","status-publish","format-standard","hentry","category-actualite","category-algerie"],"_links":{"self":[{"href":"https:\/\/linitiative.ca\/International\/wp-json\/wp\/v2\/posts\/102298","targetHints":{"allow":["GET"]}}],"collection":[{"href":"https:\/\/linitiative.ca\/International\/wp-json\/wp\/v2\/posts"}],"about":[{"href":"https:\/\/linitiative.ca\/International\/wp-json\/wp\/v2\/types\/post"}],"author":[{"embeddable":true,"href":"https:\/\/linitiative.ca\/International\/wp-json\/wp\/v2\/users\/1744"}],"replies":[{"embeddable":true,"href":"https:\/\/linitiative.ca\/International\/wp-json\/wp\/v2\/comments?post=102298"}],"version-history":[{"count":0,"href":"https:\/\/linitiative.ca\/International\/wp-json\/wp\/v2\/posts\/102298\/revisions"}],"wp:attachment":[{"href":"https:\/\/linitiative.ca\/International\/wp-json\/wp\/v2\/media?parent=102298"}],"wp:term":[{"taxonomy":"category","embeddable":true,"href":"https:\/\/linitiative.ca\/International\/wp-json\/wp\/v2\/categories?post=102298"},{"taxonomy":"post_tag","embeddable":true,"href":"https:\/\/linitiative.ca\/International\/wp-json\/wp\/v2\/tags?post=102298"}],"curies":[{"name":"wp","href":"https:\/\/api.w.org\/{rel}","templated":true}]}}