{"id":102301,"date":"2020-10-20T10:35:10","date_gmt":"2020-10-20T14:35:10","guid":{"rendered":"https:\/\/linitiative.ca\/International\/111432-jm-oran-2022-les-aspects-organisationnels-abordes-avec-une-delegation-francaise-cojm\/"},"modified":"2020-10-20T10:35:10","modified_gmt":"2020-10-20T14:35:10","slug":"111432-jm-oran-2022-les-aspects-organisationnels-abordes-avec-une-delegation-francaise-cojm","status":"publish","type":"post","link":"https:\/\/linitiative.ca\/International\/111432-jm-oran-2022-les-aspects-organisationnels-abordes-avec-une-delegation-francaise-cojm\/","title":{"rendered":"JM Oran-2022 : les aspects organisationnels abord\u00e9s avec une d\u00e9l\u00e9gation fran\u00e7aise"},"content":{"rendered":"<div readability=\"36\">\n<p><strong>ORAN- Les aspects organisationnels des Jeux m\u00e9diterran\u00e9ens (JM) pr\u00e9vus \u00e0 Oran en 2022 ainsi que les retomb\u00e9es de cette manifestation sur la ville ont fait l\u2019objet \u00ab\u00a0d\u2019un \u00e9change intense\u00a0\u00bb entre le Comit\u00e9 d\u2019organisation des JM (COJM) et une d\u00e9l\u00e9gation fran\u00e7aise conduite par l\u2019ambassadeur de France en Alg\u00e9rie, a indiqu\u00e9 mardi le COJM.<\/strong><\/p>\n<\/div>\n<div readability=\"79\">\n<p>L\u2019organe que dirige l\u2019ancien champion alg\u00e9rien de natation, Salim Iles, a dit, dans un communiqu\u00e9 publi\u00e9 sur sa page officielle Facebook, avoir \u00ab\u00a0accueilli dans l\u2019apr\u00e8s-midi de lundi \u00e0 son si\u00e8ge M. Fran\u00e7ois Gouyette, ambassadeur de France en Alg\u00e9rie, accompagn\u00e9 de M. le consul g\u00e9n\u00e9ral, du directeur de l&rsquo;institut fran\u00e7ais (d&rsquo;Alger), ainsi que (d&rsquo;un) conseiller \u00e9conomique\u00a0\u00bb.<\/p>\n<p>Cette rencontre entre dans le cadre d\u2019un plan de travail \u00e9labor\u00e9 par le COJM visant \u00e0 mettre tous les atouts de son c\u00f4t\u00e9 pour r\u00e9ussir la 19e \u00e9dition des JM, un \u00e9v\u00e9nement que l\u2019Alg\u00e9rie abrite pour la deuxi\u00e8me fois de son histoire apr\u00e8s avoir accueilli \u00e0 Alger l\u2019\u00e9dition de 1975.<\/p>\n<blockquote readability=\"13\">\n<p><em><strong>L\u2019int\u00e9r\u00eat particulier qu\u2019accordent les hautes autorit\u00e9s du pays \u00e0 ces Jeux, \u00e0 leur t\u00eate le pr\u00e9sident de la R\u00e9publique, M. Abdelmadjid Tebboune en personne, pousse le COJM \u00e0 d\u00e9ployer tous les efforts pour assurer la r\u00e9ussite de l\u2019\u00e9v\u00e8nement m\u00e9diterran\u00e9en, en lui redonnant ses lettres de noblesse qu\u2019il a perdues lors des pr\u00e9c\u00e9dentes \u00e9ditions, assure-t-on du c\u00f4t\u00e9 des organisateurs.<\/strong><\/em><\/p>\n<\/blockquote>\n<p>Cela passe, selon eux, par une \u00ab\u00a0participation qualitative\u00a0\u00bb \u00e0 ce rendez-vous, un objectif que le Comit\u00e9 olympique et sportif alg\u00e9rien s\u2019est engag\u00e9 \u00e0 contribuer \u00e0 r\u00e9aliser lors de la r\u00e9union qui a regroup\u00e9 une d\u00e9l\u00e9gation de cette instance, dirig\u00e9e par son nouveau pr\u00e9sident, Abderrahmane Hammad, et les membres du COJM, dimanche pass\u00e9 \u00e0 Oran.<\/p>\n<p>Outre l\u2019aspect sportif, les organisateurs des JM-2022 esp\u00e8rent tirer le maximum de dividendes de cette manifestation r\u00e9gionale dans les autres domaines, en particulier ceux \u00e9conomique et touristique, souligne-t-on.<\/p>\n<p>La prochaine \u00e9dition des JM, qui \u00e9tait programm\u00e9e initialement pour l\u2019\u00e9t\u00e9 2021, a \u00e9t\u00e9 d\u00e9cal\u00e9e d&rsquo;une ann\u00e9e (25 juin-5 juillet 2022), \u00e0 cause de la pand\u00e9mie de coronavirus, rappelle-t-on.<\/p>\n<\/div>\n<p>Auteur:<br \/>\n<a href=\"http:\/\/www.aps.dz\/sport\/111432-jm-oran-2022-les-aspects-organisationnels-abordes-avec-une-delegation-francaise-cojm?utm_source=feedburner&#038;utm_medium=feed&#038;utm_campaign=Feed%3A+aps-sport+%28APS+-+SPORT%29\">Cliquez ici pour lire l&rsquo;article depuis sa source.<\/a><\/p>\n","protected":false},"excerpt":{"rendered":"<p>ORAN- Les aspects organisationnels des Jeux m\u00e9diterran\u00e9ens (JM) pr\u00e9vus \u00e0 Oran en 2022 ainsi que les retomb\u00e9es de cette manifestation sur la ville ont fait l\u2019objet \u00ab\u00a0d\u2019un \u00e9change intense\u00a0\u00bb entre le Comit\u00e9 d\u2019organisation des JM (COJM) et une d\u00e9l\u00e9gation fran\u00e7aise conduite par l\u2019ambassadeur de France en Alg\u00e9rie, a indiqu\u00e9 mardi le COJM. L\u2019organe que dirige [&hellip;]<\/p>\n","protected":false},"author":1790,"featured_media":0,"comment_status":"closed","ping_status":"closed","sticky":false,"template":"","format":"standard","meta":{"fifu_image_url":"","fifu_image_alt":"","footnotes":""},"categories":[53,75],"tags":[],"class_list":["post-102301","post","type-post","status-publish","format-standard","hentry","category-algerie","category-sport"],"_links":{"self":[{"href":"https:\/\/linitiative.ca\/International\/wp-json\/wp\/v2\/posts\/102301","targetHints":{"allow":["GET"]}}],"collection":[{"href":"https:\/\/linitiative.ca\/International\/wp-json\/wp\/v2\/posts"}],"about":[{"href":"https:\/\/linitiative.ca\/International\/wp-json\/wp\/v2\/types\/post"}],"author":[{"embeddable":true,"href":"https:\/\/linitiative.ca\/International\/wp-json\/wp\/v2\/users\/1790"}],"replies":[{"embeddable":true,"href":"https:\/\/linitiative.ca\/International\/wp-json\/wp\/v2\/comments?post=102301"}],"version-history":[{"count":0,"href":"https:\/\/linitiative.ca\/International\/wp-json\/wp\/v2\/posts\/102301\/revisions"}],"wp:attachment":[{"href":"https:\/\/linitiative.ca\/International\/wp-json\/wp\/v2\/media?parent=102301"}],"wp:term":[{"taxonomy":"category","embeddable":true,"href":"https:\/\/linitiative.ca\/International\/wp-json\/wp\/v2\/categories?post=102301"},{"taxonomy":"post_tag","embeddable":true,"href":"https:\/\/linitiative.ca\/International\/wp-json\/wp\/v2\/tags?post=102301"}],"curies":[{"name":"wp","href":"https:\/\/api.w.org\/{rel}","templated":true}]}}