{"id":102304,"date":"2020-10-20T10:52:00","date_gmt":"2020-10-20T14:52:00","guid":{"rendered":"https:\/\/linitiative.ca\/International\/le-rcd-denonce-la-suspension-du-maire-daafir\/"},"modified":"2020-10-20T10:52:00","modified_gmt":"2020-10-20T14:52:00","slug":"le-rcd-denonce-la-suspension-du-maire-daafir","status":"publish","type":"post","link":"https:\/\/linitiative.ca\/International\/le-rcd-denonce-la-suspension-du-maire-daafir\/","title":{"rendered":"Le RCD d\u00e9nonce la suspension du maire d&rsquo;A\u00e2fir"},"content":{"rendered":"<p><br id=\"sep_para_1\" class=\"sep_para access\"\/><\/p>\n<div id=\"para_1\" class=\"para_39110267 resize\">\n<div class=\"texte access firstletter\">Le RCD a d\u00e9nonc\u00e9 la suspension\u00a0 provisoire du maire de la commune d&rsquo;A\u00e2fir, Oumellal Soufiane, de ses fonctions par le wali de Boumerd\u00e8s, consid\u00e9rant qu&rsquo;il s&rsquo;agit d&rsquo;une \u00ab\u00a0pression\u00a0\u00bb contre le parti dont il est l&rsquo;\u00e9lu qui dirige l&rsquo;ex\u00e9cutif \u00e0 la t\u00eate de cette municipalit\u00e9. \u00ab\u00a0Les pressions et le harc\u00e8lement\u00a0 judicaire se poursuivent contre toutes les voix qui sont contre la politique du statu quo\u00a0\u00bb, d\u00e9nonce le RCD dans un communiqu\u00e9 sur sa page Facebook, et annonce que son \u00e9dile\u00a0\u00bb a re\u00e7u une convocation portant signature du wali de Boumerd\u00e9s lui signifiant sa suspension provisoire\u00a0\u00bb Cette suspension s&rsquo;appuie sur une d\u00e9cision de justice rendue nuitamment en l&rsquo;absence du concern\u00e9 qui n&rsquo;a pas \u00e9t\u00e9 convoqu\u00e9, ce qui constitue une violation de ses droits civiques\u00a0\u00bb ajoute le RCD.<\/div>\n<\/div>\n<p>Auteur: R\u00e9flexion<br \/>\n<a href=\"https:\/\/www.reflexiondz.net\/Le-RCD-denonce-la-suspension-du-maire-d-Aafir_a65910.html\">Cliquez ici pour lire l&rsquo;article depuis sa source.<\/a><\/p>\n","protected":false},"excerpt":{"rendered":"<p>Le RCD a d\u00e9nonc\u00e9 la suspension\u00a0 provisoire du maire de la commune d&rsquo;A\u00e2fir, Oumellal Soufiane, de ses fonctions par le wali de Boumerd\u00e8s, consid\u00e9rant qu&rsquo;il s&rsquo;agit d&rsquo;une \u00ab\u00a0pression\u00a0\u00bb contre le parti dont il est l&rsquo;\u00e9lu qui dirige l&rsquo;ex\u00e9cutif \u00e0 la t\u00eate de cette municipalit\u00e9. \u00ab\u00a0Les pressions et le harc\u00e8lement\u00a0 judicaire se poursuivent contre toutes les [&hellip;]<\/p>\n","protected":false},"author":1740,"featured_media":0,"comment_status":"closed","ping_status":"closed","sticky":false,"template":"","format":"standard","meta":{"fifu_image_url":"","fifu_image_alt":"","footnotes":""},"categories":[53,76],"tags":[],"class_list":["post-102304","post","type-post","status-publish","format-standard","hentry","category-algerie","category-regions"],"_links":{"self":[{"href":"https:\/\/linitiative.ca\/International\/wp-json\/wp\/v2\/posts\/102304","targetHints":{"allow":["GET"]}}],"collection":[{"href":"https:\/\/linitiative.ca\/International\/wp-json\/wp\/v2\/posts"}],"about":[{"href":"https:\/\/linitiative.ca\/International\/wp-json\/wp\/v2\/types\/post"}],"author":[{"embeddable":true,"href":"https:\/\/linitiative.ca\/International\/wp-json\/wp\/v2\/users\/1740"}],"replies":[{"embeddable":true,"href":"https:\/\/linitiative.ca\/International\/wp-json\/wp\/v2\/comments?post=102304"}],"version-history":[{"count":0,"href":"https:\/\/linitiative.ca\/International\/wp-json\/wp\/v2\/posts\/102304\/revisions"}],"wp:attachment":[{"href":"https:\/\/linitiative.ca\/International\/wp-json\/wp\/v2\/media?parent=102304"}],"wp:term":[{"taxonomy":"category","embeddable":true,"href":"https:\/\/linitiative.ca\/International\/wp-json\/wp\/v2\/categories?post=102304"},{"taxonomy":"post_tag","embeddable":true,"href":"https:\/\/linitiative.ca\/International\/wp-json\/wp\/v2\/tags?post=102304"}],"curies":[{"name":"wp","href":"https:\/\/api.w.org\/{rel}","templated":true}]}}