{"id":102305,"date":"2020-10-20T10:52:00","date_gmt":"2020-10-20T14:52:00","guid":{"rendered":"https:\/\/linitiative.ca\/International\/abdelkader-ouali-renonce-a-son-immunite-parlementaire\/"},"modified":"2020-10-20T10:52:00","modified_gmt":"2020-10-20T14:52:00","slug":"abdelkader-ouali-renonce-a-son-immunite-parlementaire","status":"publish","type":"post","link":"https:\/\/linitiative.ca\/International\/abdelkader-ouali-renonce-a-son-immunite-parlementaire\/","title":{"rendered":"Abdelkader Ouali renonce \u00e0 son immunit\u00e9 parlementaire"},"content":{"rendered":"<p><br id=\"sep_para_1\" class=\"sep_para access\"\/><\/p>\n<div id=\"para_1\" class=\"para_39110261 resize\">\n<div class=\"photo shadow left\"><a href=\"javascript:void(0)\" rel=\"https:\/\/www.reflexiondz.net\/photo\/art\/grande\/50762625-39110261.jpg?v=1603208913&amp;ibox\" title=\"Abdelkader Ouali renonce \u00e0 son immunit\u00e9 parlementaire\"><img decoding=\"async\" class=\"responsive c9\" src=\"https:\/\/www.reflexiondz.net\/photo\/art\/grande\/50762625-39110261.jpg?v=1603208913\" alt=\"Abdelkader Ouali renonce \u00e0 son immunit\u00e9 parlementaire\" title=\"Abdelkader Ouali renonce \u00e0 son immunit\u00e9 parlementaire\"\/><img decoding=\"async\" class=\"not-responsive\" src=\"https:\/\/www.reflexiondz.net\/photo\/art\/default\/50762625-39110261.jpg?v=1603208917\" alt=\"Abdelkader Ouali renonce \u00e0 son immunit\u00e9 parlementaire\" title=\"Abdelkader Ouali renonce \u00e0 son immunit\u00e9 parlementaire\"\/><\/a><\/div>\n<div class=\"texte access firstletter\">Finalement, le d\u00e9put\u00e9 FLN de Mostaganem, Abdelkader Ouali a d\u00e9cid\u00e9 de renoncer \u00e0 son immunit\u00e9 parlementaire hier mardi 20 octobre 2020 lors d\u2019une s\u00e9ance de vote \u00e0 huis clos suite aux demandes du minist\u00e8re de la Justice de lever son immunit\u00e9 parlementaire ainsi que celle de Mohcine Belabb\u00e8s, pr\u00e9sident du Rassemblement pour la Culture et la D\u00e9mocratie (RCD). Le pr\u00e9sident du RCD Mohcine Belabb\u00e8s \u00e9tait absent \u00e0 cette s\u00e9ance, pr\u00e9sid\u00e9e par Slimane Cheninche \u00e0 l\u2019Assembl\u00e9e populaire nationale (APN). Abdelkader Ouali accepte ainsi de renoncer \u00e0 son immunit\u00e9 apr\u00e8s avoir d\u00e9j\u00e0 refus\u00e9 de le faire. Pour rappel, Abdelkader Ouali a \u00e9t\u00e9 interrog\u00e9 par la commission des affaires juridiques de l\u2019assembl\u00e9e populaire nationale apr\u00e8s l\u2019expiration du d\u00e9lai de dix jours pour lui permettre de se d\u00e9choir volontairement de son immunit\u00e9 parlementaire. Mais face \u00e0 son refus, il a \u00e9t\u00e9 d\u00e9cid\u00e9 conform\u00e9ment \u00e0 l\u2019article 72 du r\u00e8glement int\u00e9rieur de l\u2019APN d\u2019actionner la proc\u00e9dure l\u00e9gale de lev\u00e9e de l\u2019immunit\u00e9 via un vote. Il avait ni\u00e9, devant la commission, toutes les accusations port\u00e9es \u00e0 sa personne. Devant la justice, Abdelkader Ouali\u00a0 va \u00eatre interrog\u00e9, sans doute sur des affaires li\u00e9es \u00e0 la corruption durant son passage au gouvernement.\u00a0\u00a0 Pour rappel, le minist\u00e8re de la Justice avait envoy\u00e9 une demande de lev\u00e9e de l\u2019immunit\u00e9 parlementaire de Mohcine Belabbas et d\u2019Abdelkader Ouali \u00e0 l\u2019Assembl\u00e9e populaire nationale (APN). Le bureau de la chambre basse du Parlement a examin\u00e9 la demande le jeudi 24 septembre. Mohcine Belabbas avait \u00e9t\u00e9 entendu fin juin 2020 par la Gendarmerie nationale. Il avait \u00e9voqu\u00e9, dans un post Facebook, une enqu\u00eate \u00ab entam\u00e9e il y a pr\u00e8s de deux ans suite \u00e0 un accident de travail survenu dans ma construction \u00bb.<\/div>\n<\/div>\n<p>Auteur: R\u00e9flexion<br \/>\n<a href=\"https:\/\/www.reflexiondz.net\/Abdelkader-Ouali-renonce-a-son-immunite-parlementaire_a65908.html\">Cliquez ici pour lire l&rsquo;article depuis sa source.<\/a><\/p>\n","protected":false},"excerpt":{"rendered":"<p>Finalement, le d\u00e9put\u00e9 FLN de Mostaganem, Abdelkader Ouali a d\u00e9cid\u00e9 de renoncer \u00e0 son immunit\u00e9 parlementaire hier mardi 20 octobre 2020 lors d\u2019une s\u00e9ance de vote \u00e0 huis clos suite aux demandes du minist\u00e8re de la Justice de lever son immunit\u00e9 parlementaire ainsi que celle de Mohcine Belabb\u00e8s, pr\u00e9sident du Rassemblement pour la Culture et [&hellip;]<\/p>\n","protected":false},"author":1740,"featured_media":0,"comment_status":"closed","ping_status":"closed","sticky":false,"template":"","format":"standard","meta":{"fifu_image_url":"","fifu_image_alt":"","footnotes":""},"categories":[53,76],"tags":[],"class_list":["post-102305","post","type-post","status-publish","format-standard","hentry","category-algerie","category-regions"],"_links":{"self":[{"href":"https:\/\/linitiative.ca\/International\/wp-json\/wp\/v2\/posts\/102305","targetHints":{"allow":["GET"]}}],"collection":[{"href":"https:\/\/linitiative.ca\/International\/wp-json\/wp\/v2\/posts"}],"about":[{"href":"https:\/\/linitiative.ca\/International\/wp-json\/wp\/v2\/types\/post"}],"author":[{"embeddable":true,"href":"https:\/\/linitiative.ca\/International\/wp-json\/wp\/v2\/users\/1740"}],"replies":[{"embeddable":true,"href":"https:\/\/linitiative.ca\/International\/wp-json\/wp\/v2\/comments?post=102305"}],"version-history":[{"count":0,"href":"https:\/\/linitiative.ca\/International\/wp-json\/wp\/v2\/posts\/102305\/revisions"}],"wp:attachment":[{"href":"https:\/\/linitiative.ca\/International\/wp-json\/wp\/v2\/media?parent=102305"}],"wp:term":[{"taxonomy":"category","embeddable":true,"href":"https:\/\/linitiative.ca\/International\/wp-json\/wp\/v2\/categories?post=102305"},{"taxonomy":"post_tag","embeddable":true,"href":"https:\/\/linitiative.ca\/International\/wp-json\/wp\/v2\/tags?post=102305"}],"curies":[{"name":"wp","href":"https:\/\/api.w.org\/{rel}","templated":true}]}}